{"id":3318,"date":"2016-07-13T11:40:08","date_gmt":"2016-07-13T11:40:08","guid":{"rendered":"http:\/\/help.cobra.hu\/?p=3318"},"modified":"2016-07-13T11:40:08","modified_gmt":"2016-07-13T11:40:08","slug":"postakonyv","status":"publish","type":"post","link":"http:\/\/help.cobra.hu\/index.php\/2016\/07\/13\/postakonyv\/","title":{"rendered":"Postak\u00f6nyv"},"content":{"rendered":"<p>Az <strong>Postak\u00f6nyv adatok\/Postak\u00f6nyv <\/strong>men\u00fcpontb\u00f3l megny\u00edl\u00f3 tall\u00f3z\u00f3\u00a0ablakban r\u00f6gz\u00edthet\u00fcnk \u00faj felad\u00f3jegyz\u00e9ket, illetve innen \u00e9rhet\u0151k el m\u00e1r a postak\u00f6nyvbe r\u00f6gz\u00edtett felad\u00f3jegyz\u00e9kek:<\/p>\n<p id=\"zpDQEZz\"><img loading=\"lazy\" width=\"616\" height=\"433\" class=\"size-full wp-image-3320  aligncenter\" src=\"http:\/\/help.cobra.hu\/wp-content\/uploads\/2016\/07\/img_5786235577c2b.png\" alt=\"\" srcset=\"http:\/\/help.cobra.hu\/wp-content\/uploads\/2016\/07\/img_5786235577c2b.png 616w, http:\/\/help.cobra.hu\/wp-content\/uploads\/2016\/07\/img_5786235577c2b-300x211.png 300w, http:\/\/help.cobra.hu\/wp-content\/uploads\/2016\/07\/img_5786235577c2b-250x176.png 250w\" sizes=\"(max-width: 616px) 100vw, 616px\" \/><\/p>\n<p>A felad\u00f3jegyz\u00e9kre 3 f\u00e9le m\u00f3don ker\u00fclhet t\u00e9tel:<\/p>\n<ul>\n<li><a href=\"http:\/\/help.cobra.hu\/index.php\/2016\/07\/13\/iktatas-kimeno-iratok\/\">kimen\u0151 irat <\/a>postai adatainak kit\u00f6lt\u00e9s\u00e9vel \u00e9s postak\u00f6nyvbe helyez\u00e9s\u00e9vel<\/li>\n<li>a <strong>Post\u00e1zand\u00f3 sz\u00e1mla<\/strong> gomb hat\u00e1s\u00e1ra megny\u00edl\u00f3 tall\u00f3z\u00f3 ablakb\u00f3l v\u00e9gleges\u00edtett sz\u00e1ml\u00e1t kiv\u00e1lasztva<\/li>\n<li>manu\u00e1lisan<\/li>\n<\/ul>\n<p>&nbsp;<\/p>\n<p>Azonos\u00edtand\u00f3 k\u00fcldem\u00e9nyes eset\u00e9n a <strong>C\u00edmzett <\/strong>oszlopban a c\u00edmzett nev\u00e9t kell felt\u00fcntetni, m\u00edg azonos\u00edtatlan k\u00fcldem\u00e9nyek eset\u00e9n (pl. rekl\u00e1manyag k\u00fcld\u00e9se) az azonos k\u00fcldem\u00e9nyek darabsz\u00e1m\u00e1t kell felt\u00fcntetni, ebb\u0151l a sz\u00e1mb\u00f3l fogja a <strong>K\u00f6lts\u00e9g<\/strong> mez\u0151t a szoftver kisz\u00e1m\u00edtani:<\/p>\n<p id=\"lovoEwP\"><img loading=\"lazy\" width=\"1011\" height=\"532\" class=\"size-full wp-image-3322  aligncenter\" src=\"http:\/\/help.cobra.hu\/wp-content\/uploads\/2016\/07\/img_578625d29e8e4.png\" alt=\"\" srcset=\"http:\/\/help.cobra.hu\/wp-content\/uploads\/2016\/07\/img_578625d29e8e4.png 1011w, http:\/\/help.cobra.hu\/wp-content\/uploads\/2016\/07\/img_578625d29e8e4-300x158.png 300w, http:\/\/help.cobra.hu\/wp-content\/uploads\/2016\/07\/img_578625d29e8e4-250x132.png 250w\" sizes=\"(max-width: 1011px) 100vw, 1011px\" \/><\/p>\n<p>A <strong>Postak\u00f6nyv el\u0151n\u00e9zet <\/strong>gomb lenyom\u00e1s\u00e1nak hat\u00e1s\u00e1ra a postak\u00f6nyv nyomtat\u00e1si el\u0151k\u00e9pe tekinthet\u0151 meg.<\/p>\n<p>A postak\u00f6nyv v\u00e9gleges\u00edt\u00e9se a tall\u00f3z\u00f3 ablakban t\u00f6rt\u00e9nik, a <strong>V\u00e9gleges\u00edt\u00e9s<\/strong> gombra kattintva. Am\u00edg egy postak\u00f6nyv \u00e1llom\u00e1nyban van egy nem v\u00e9gleges\u00edtett postak\u00f6nyv, addig nem lehet \u00fajat felvenni.<\/p>\n","protected":false},"excerpt":{"rendered":"<p>Az Postak\u00f6nyv adatok\/Postak\u00f6nyv men\u00fcpontb\u00f3l megny\u00edl\u00f3 tall\u00f3z\u00f3\u00a0ablakban r\u00f6gz\u00edthet\u00fcnk \u00faj felad\u00f3jegyz\u00e9ket, illetve innen \u00e9rhet\u0151k el m\u00e1r a postak\u00f6nyvbe r\u00f6gz\u00edtett felad\u00f3jegyz\u00e9kek: A felad\u00f3jegyz\u00e9kre 3 f\u00e9le m\u00f3don ker\u00fclhet t\u00e9tel: kimen\u0151 irat postai adatainak kit\u00f6lt\u00e9s\u00e9vel \u00e9s postak\u00f6nyvbe helyez\u00e9s\u00e9vel a Post\u00e1zand\u00f3 sz\u00e1mla gomb hat\u00e1s\u00e1ra megny\u00edl\u00f3 tall\u00f3z\u00f3 ablakb\u00f3l v\u00e9gleges\u00edtett sz\u00e1ml\u00e1t kiv\u00e1lasztva manu\u00e1lisan &nbsp; Azonos\u00edtand\u00f3 k\u00fcldem\u00e9nyes eset\u00e9n a C\u00edmzett oszlopban a c\u00edmzett nev\u00e9t kell felt\u00fcntetni, m\u00edg azonos\u00edtatlan k\u00fcldem\u00e9nyek eset\u00e9n (pl. rekl\u00e1manyag k\u00fcld\u00e9se) az azonos k\u00fcldem\u00e9nyek darabsz\u00e1m\u00e1t kell felt\u00fcntetni, ebb\u0151l a sz\u00e1mb\u00f3l fogja a [&hellip;]<\/p>\n","protected":false},"author":1,"featured_media":0,"comment_status":"closed","ping_status":"closed","sticky":false,"template":"","format":"standard","meta":[],"categories":[139],"tags":[],"_links":{"self":[{"href":"http:\/\/help.cobra.hu\/index.php\/wp-json\/wp\/v2\/posts\/3318"}],"collection":[{"href":"http:\/\/help.cobra.hu\/index.php\/wp-json\/wp\/v2\/posts"}],"about":[{"href":"http:\/\/help.cobra.hu\/index.php\/wp-json\/wp\/v2\/types\/post"}],"author":[{"embeddable":true,"href":"http:\/\/help.cobra.hu\/index.php\/wp-json\/wp\/v2\/users\/1"}],"replies":[{"embeddable":true,"href":"http:\/\/help.cobra.hu\/index.php\/wp-json\/wp\/v2\/comments?post=3318"}],"version-history":[{"count":1,"href":"http:\/\/help.cobra.hu\/index.php\/wp-json\/wp\/v2\/posts\/3318\/revisions"}],"predecessor-version":[{"id":3323,"href":"http:\/\/help.cobra.hu\/index.php\/wp-json\/wp\/v2\/posts\/3318\/revisions\/3323"}],"wp:attachment":[{"href":"http:\/\/help.cobra.hu\/index.php\/wp-json\/wp\/v2\/media?parent=3318"}],"wp:term":[{"taxonomy":"category","embeddable":true,"href":"http:\/\/help.cobra.hu\/index.php\/wp-json\/wp\/v2\/categories?post=3318"},{"taxonomy":"post_tag","embeddable":true,"href":"http:\/\/help.cobra.hu\/index.php\/wp-json\/wp\/v2\/tags?post=3318"}],"curies":[{"name":"wp","href":"https:\/\/api.w.org\/{rel}","templated":true}]}}