{"id":6881,"date":"2023-02-09T07:29:14","date_gmt":"2023-02-09T07:29:14","guid":{"rendered":"http:\/\/help.cobra.hu\/?p=6881"},"modified":"2023-04-18T08:05:17","modified_gmt":"2023-04-18T08:05:17","slug":"szerzodesek","status":"publish","type":"post","link":"http:\/\/help.cobra.hu\/index.php\/2023\/02\/09\/szerzodesek\/","title":{"rendered":"Bevezet\u00e9s, alapelvek"},"content":{"rendered":"<div id=\"toc_container\" class=\"no_bullets\"><p class=\"toc_title\">Tartalomjegyz&eacute;k<\/p><ul class=\"toc_list\"><li><a href=\"#Bevezetes\"><span class=\"toc_number toc_depth_1\">1<\/span> Bevezet\u00e9s<\/a><\/li><li><a href=\"#Eletciklus\"><span class=\"toc_number toc_depth_1\">2<\/span> \u00c9letciklus<\/a><\/li><li><a href=\"#Adattartalom\"><span class=\"toc_number toc_depth_1\">3<\/span> Adattartalom<\/a><ul><li><a href=\"#Metaadatok\"><span class=\"toc_number toc_depth_2\">3.1<\/span> Metaadatok<\/a><\/li><li><a href=\"#Sablonok\"><span class=\"toc_number toc_depth_2\">3.2<\/span> Sablonok<\/a><\/li><li><a href=\"#Emlekeztetok\"><span class=\"toc_number toc_depth_2\">3.3<\/span> Eml\u00e9keztet\u0151k<\/a><\/li><li><a href=\"#Szerzodesertek\"><span class=\"toc_number toc_depth_2\">3.4<\/span> Szerz\u0151d\u00e9s\u00e9rt\u00e9k<\/a><\/li><li><a href=\"#Merfoldkovek\"><span class=\"toc_number toc_depth_2\">3.5<\/span> M\u00e9rf\u00f6ldk\u00f6vek<\/a><\/li><li><a href=\"#Allapotok_statuszok\"><span class=\"toc_number toc_depth_2\">3.6<\/span> \u00c1llapotok (st\u00e1tuszok)<\/a><\/li><li><a href=\"#Verziok\"><span class=\"toc_number toc_depth_2\">3.7<\/span> Verzi\u00f3k<\/a><\/li><\/ul><\/li><li><a href=\"#Szervezes\"><span class=\"toc_number toc_depth_1\">4<\/span> Szervez\u00e9s<\/a><\/li><li><a href=\"#Nyilvantartas\"><span class=\"toc_number toc_depth_1\">5<\/span> Nyilv\u00e1ntart\u00e1s<\/a><\/li><li><a href=\"#Folyamatok\"><span class=\"toc_number toc_depth_1\">6<\/span> Folyamatok<\/a><ul><li><a href=\"#Kibocsatas_kimeno_szerzodes\"><span class=\"toc_number toc_depth_2\">6.1<\/span> Kibocs\u00e1t\u00e1s (kimen\u0151 szerz\u0151d\u00e9s)<\/a><\/li><li><a href=\"#Letrehozas\"><span class=\"toc_number toc_depth_2\">6.2<\/span> L\u00e9trehoz\u00e1s<\/a><\/li><li><a href=\"#Atnezes_Belso_egyeztetes\"><span class=\"toc_number toc_depth_2\">6.3<\/span> \u00c1tn\u00e9z\u00e9s = Bels\u0151 egyeztet\u00e9s<\/a><\/li><li><a href=\"#Targyalas_Kulso_egyeztetes\"><span class=\"toc_number toc_depth_2\">6.4<\/span> T\u00e1rgyal\u00e1s = K\u00fcls\u0151 egyeztet\u00e9s<\/a><\/li><li><a href=\"#Jovahagyas\"><span class=\"toc_number toc_depth_2\">6.5<\/span> J\u00f3v\u00e1hagy\u00e1s<\/a><\/li><li><a href=\"#Jovahagyoi_alairas_nyomtatasa\"><span class=\"toc_number toc_depth_2\">6.6<\/span> J\u00f3v\u00e1hagy\u00f3i al\u00e1\u00edr\u00e1s nyomtat\u00e1sa<\/a><\/li><li><a href=\"#Alairas\"><span class=\"toc_number toc_depth_2\">6.7<\/span> Al\u00e1\u00edr\u00e1s<\/a><\/li><li><a href=\"#Archivalas\"><span class=\"toc_number toc_depth_2\">6.8<\/span> Archiv\u00e1l\u00e1s<\/a><\/li><\/ul><\/li><li><a href=\"#Bejovo_szerzodes_befogadasa\"><span class=\"toc_number toc_depth_1\">7<\/span> Bej\u00f6v\u0151 szerz\u0151d\u00e9s befogad\u00e1sa<\/a><\/li><li><a href=\"#Megujitas\"><span class=\"toc_number toc_depth_1\">8<\/span> Meg\u00faj\u00edt\u00e1s<\/a><\/li><li><a href=\"#Hosszabbitas\"><span class=\"toc_number toc_depth_1\">9<\/span> Hosszabb\u00edt\u00e1s<\/a><\/li><li><a href=\"#Megszunes\"><span class=\"toc_number toc_depth_1\">10<\/span> Megsz\u0171n\u00e9s<\/a><ul><li><a href=\"#Teljesitessel\"><span class=\"toc_number toc_depth_2\">10.1<\/span> Teljes\u00edt\u00e9ssel<\/a><\/li><li><a href=\"#Szerzodesszegessel\"><span class=\"toc_number toc_depth_2\">10.2<\/span> Szerz\u0151d\u00e9sszeg\u00e9ssel<\/a><\/li><li><a href=\"#Kozos_megegyezessel\"><span class=\"toc_number toc_depth_2\">10.3<\/span> K\u00f6z\u00f6s megegyez\u00e9ssel<\/a><\/li><\/ul><\/li><\/ul><\/div>\n<h4><span id=\"Bevezetes\">Bevezet\u00e9s<\/span><\/h4>\n<p>A Szerz\u0151d\u00e9s modul a CobraConto.Net rendszeren bel\u00fcl biztos\u00edtja:<\/p>\n<ul>\n<li>a c\u00e9ges szerz\u0151d\u00e9sek l\u00e9trehoz\u00e1s\u00e1t a <a href=\"https:\/\/help.cobra.hu\/index.php\/2023\/04\/12\/sablonok-parameterezese\/\" target=\"_blank\" rel=\"noopener\">rendszer sz\u00f6vegszerkeszt\u0151j\u00e9vel l\u00e9trehozhat\u00f3 sablonok<\/a> alapj\u00e1n<\/li>\n<li>ezek enged\u00e9lyez\u00e9si \u00e9s al\u00e1\u00edr\u00e1si folyamat\u00e1nak kezel\u00e9s\u00e9t<\/li>\n<li>a szerz\u0151d\u00e9sek t\u00e1rol\u00e1s\u00e1t, visszakereshet\u0151s\u00e9g\u00e9t<\/li>\n<li>m\u00e1r <a href=\"https:\/\/help.cobra.hu\/index.php\/2023\/04\/16\/meglevo_rogzites\/\" target=\"_blank\" rel=\"noopener\">megl\u00e9v\u0151, kor\u00e1bban megk\u00f6t\u00f6tt szerz\u0151d\u00e9se<\/a>k t\u00e1rol\u00e1s\u00e1t \u00e9s kereshet\u0151s\u00e9g\u00e9t<\/li>\n<\/ul>\n<p>&nbsp;<\/p>\n<h4><span id=\"Eletciklus\">\u00c9letciklus<\/span><\/h4>\n<p>A l\u00e9trehoz\u00e1s szakasza mind a kibocs\u00e1t\u00e1s, mind pedig a befogad\u00e1s eset\u00e9ben azonos elvet k\u00f6vet, melyet az al\u00e1bbi \u00e1bra szeml\u00e9ltet:<\/p>\n<p><img loading=\"lazy\" width=\"1093\" height=\"194\" class=\"size-full wp-image-6888 aligncenter\" src=\"http:\/\/help.cobra.hu\/wp-content\/uploads\/2023\/02\/img_63e4a5479ec2b.png\" alt=\"\" srcset=\"http:\/\/help.cobra.hu\/wp-content\/uploads\/2023\/02\/img_63e4a5479ec2b.png 1093w, http:\/\/help.cobra.hu\/wp-content\/uploads\/2023\/02\/img_63e4a5479ec2b-300x53.png 300w, http:\/\/help.cobra.hu\/wp-content\/uploads\/2023\/02\/img_63e4a5479ec2b-1024x182.png 1024w, http:\/\/help.cobra.hu\/wp-content\/uploads\/2023\/02\/img_63e4a5479ec2b-768x136.png 768w, http:\/\/help.cobra.hu\/wp-content\/uploads\/2023\/02\/img_63e4a5479ec2b-250x44.png 250w\" sizes=\"(max-width: 1093px) 100vw, 1093px\" \/><\/p>\n<p>A CobraConto.Net szerz\u0151d\u00e9skezel\u0151j\u00e9ben a szerz\u0151d\u00e9sk\u00f6t\u00e9si folyamat sor\u00e1n a szerz\u0151d\u00e9sek mindig valamilyen st\u00e1tuszban vannak, mely st\u00e1tuszokhoz a rendszer automatikusan feladatot oszt ki az egyes munkacsoportoknak vagy a <a href=\"https:\/\/help.cobra.hu\/index.php\/2023\/02\/09\/parameterezes\/#Szerkesztok\" target=\"_blank\" rel=\"noopener\">Szerkeszt\u0151k csoport<\/a> valamely tagj\u00e1t\u00f3l egy m\u0171velet elv\u00e9gz\u00e9s\u00e9t v\u00e1rja, hogy a folyamat egy k\u00f6vetkez\u0151 \u00e1llapotba l\u00e9phessen.<\/p>\n<p>&nbsp;<\/p>\n<p>N\u00e9zz\u00fcnk egy ide\u00e1lis folyamatot, ahol egyik szerepl\u0151 sem \u00e9l visszautas\u00edt\u00e1ssal vagy m\u00f3dos\u00edt\u00e1si ig\u00e9nnyel a szerz\u0151d\u00e9s al\u00e1\u00edr\u00e1s\u00e1ig \u00e9s az hat\u00e1lybal\u00e9phet:<\/p>\n<table class=\" aligncenter\" style=\"height: 851px; width: 95.0547%;\" width=\"91.4999%\">\n<tbody>\n<tr style=\"height: 21px;\">\n<td style=\"height: 21px; width: 6.97842%;\" width=\"64\"><strong>L\u00e9p\u00e9s<\/strong><\/td>\n<td style=\"height: 21px; width: 11.5108%;\" width=\"139\"><strong>Szerz\u0151d\u00e9s st\u00e1tusza<\/strong><\/td>\n<td style=\"height: 21px; width: 17.482%;\" width=\"222\"><strong>Kiosztott feladat<\/strong><\/td>\n<td style=\"height: 21px; width: 16.8345%;\" width=\"213\"><strong>M\u0171velet<\/strong><\/td>\n<td style=\"height: 21px; width: 42.3741%;\" width=\"514\"><strong>Magyar\u00e1zat<\/strong><\/td>\n<\/tr>\n<tr style=\"height: 21px;\">\n<td style=\"height: 21px; width: 6.97842%;\">1<\/td>\n<td style=\"height: 21px; width: 11.5108%;\">V\u00e1zlat<\/td>\n<td style=\"height: 21px; width: 17.482%;\">Szerz\u0151d\u00e9s k\u00e9sz\u00edt\u00e9si ig\u00e9ny<\/td>\n<td style=\"height: 21px; width: 16.8345%;\"><\/td>\n<td style=\"height: 21px; width: 42.3741%;\">A feladatot elv\u00e9gzi a Szerkeszt\u0151k csoport.<\/td>\n<\/tr>\n<tr style=\"height: 64px;\">\n<td style=\"height: 64px; width: 6.97842%;\">1\/b (opcion\u00e1lis)<\/td>\n<td style=\"height: 64px; width: 11.5108%;\">El\u0151k\u00e9sz\u00edtett<\/td>\n<td style=\"height: 64px; width: 17.482%;\">Szerz\u0151d\u00e9s \u00e1tn\u00e9z\u00e9si ig\u00e9ny<\/td>\n<td style=\"height: 64px; width: 16.8345%;\"><\/td>\n<td style=\"height: 64px; width: 42.3741%;\" width=\"514\">Opcion\u00e1lis<br \/>\nElv\u00e9gzi, j\u00f3v\u00e1hagyja a feladatot a Szerkeszt\u00e9st \u00e1tn\u00e9z\u0151 j\u00f3v\u00e1hagy\u00f3k csoport valamely tagja.<\/td>\n<\/tr>\n<tr style=\"height: 43px;\">\n<td style=\"height: 43px; width: 6.97842%;\">2<\/td>\n<td style=\"height: 43px; width: 11.5108%;\">\u00c1tn\u00e9zett<\/td>\n<td style=\"height: 43px; width: 17.482%;\"><\/td>\n<td style=\"height: 43px; width: 16.8345%;\">Szerz\u0151d\u00e9stervezet kik\u00fcld\u00e9se<\/td>\n<td style=\"height: 43px; width: 42.3741%;\">Kik\u00fcldi email-en a szerz\u0151d\u00e9s PDF-et a partner(ek)nek a Szerkeszt\u0151k csoport valamely tagja, hogy az(ok) is l\u00e1thass\u00e1k, v\u00e9lem\u00e9nyezhess\u00e9k azt.<\/td>\n<\/tr>\n<tr style=\"height: 43px;\">\n<td style=\"height: 43px; width: 6.97842%;\">3<\/td>\n<td style=\"height: 43px; width: 11.5108%;\">Tervezet<\/td>\n<td style=\"height: 43px; width: 17.482%;\"><\/td>\n<td style=\"height: 43px; width: 16.8345%;\" width=\"213\">Tervezet \u00e9rkeztet\u00e9se: Elfogadva st\u00e1tuszban<\/td>\n<td style=\"height: 43px; width: 42.3741%;\" width=\"514\">A partnerek visszajeleznek, hogy a szerz\u0151d\u00e9st elfogadj\u00e1k \/ elutas\u00edtj\u00e1k \/ m\u00f3dos\u00edt\u00e1si ig\u00e9ny\u00fck van<\/p>\n<p>A Szerkeszt\u0151k csoport valamely tagja v\u00e9gzi el a tervezet \u00e9rkeztet\u00e9s\u00e9t. P\u00e9ld\u00e1nkban Elfogadva st\u00e1tuszban r\u00f6gz\u00edtik ezt.<\/td>\n<\/tr>\n<tr style=\"height: 21px;\">\n<td style=\"height: 21px; width: 6.97842%;\">4<\/td>\n<td style=\"height: 21px; width: 11.5108%;\">Elfogadott<\/td>\n<td style=\"height: 21px; width: 17.482%;\">J\u00f3vahagy\u00e1si ig\u00e9ny<\/td>\n<td style=\"height: 21px; width: 16.8345%;\"><\/td>\n<td style=\"height: 21px; width: 42.3741%;\">Elfogadott st\u00e1tuszban \u00e9rkeztetett tervezet ut\u00e1n bels\u0151 j\u00f3v\u00e1hagy\u00e1st kell kapnia a szerz\u0151d\u00e9snek.<br \/>\nA m\u0171veletet elv\u00e9gzi, vagyis j\u00f3v\u00e1hagy\u00e1st ad a J\u00f3v\u00e1hagy\u00f3k csoport 1 vagy t\u00f6bb tagja szerz\u0151d\u00e9s\u00f6sszegt\u0151l f\u00fcgg\u0151en.<\/td>\n<\/tr>\n<tr style=\"height: 21px;\">\n<td style=\"height: 21px; width: 6.97842%;\">5<\/td>\n<td style=\"height: 21px; width: 11.5108%;\">J\u00f3v\u00e1hagyott<\/td>\n<td style=\"height: 21px; width: 17.482%;\">Al\u00e1\u00edr\u00e1si ig\u00e9ny<\/td>\n<td style=\"height: 21px; width: 16.8345%;\"><\/td>\n<td style=\"height: 21px; width: 42.3741%;\" width=\"514\">J\u00f3v\u00e1hagy\u00e1s ut\u00e1n al\u00e1\u00edr\u00e1sra ker\u00fcl a szerz\u0151d\u00e9s.<br \/>\nA feladatot elv\u00e9gzi az Al\u00e1\u00edr\u00f3k csoport 1 vagy t\u00f6bb tagja szerz\u0151d\u00e9s\u00f6sszegt\u0151l f\u00fcgg\u0151en.<\/td>\n<\/tr>\n<tr style=\"height: 21px;\">\n<td style=\"height: 21px; width: 6.97842%;\">6<\/td>\n<td style=\"height: 21px; width: 11.5108%;\">Al\u00e1\u00edrt<\/td>\n<td style=\"height: 21px; width: 17.482%;\"><\/td>\n<td style=\"height: 21px; width: 16.8345%;\">Kik\u00fcld\u00e9s al\u00e1\u00edr\u00e1sra<\/td>\n<td style=\"height: 21px; width: 42.3741%;\">A Szerkeszt\u0151k csoport tagja csatolja a k\u00e9sz, al\u00e1\u00edrt p\u00e9ld\u00e1nyt \u00e9s kik\u00fcldi al\u00e1\u00edr\u00e1sra (post\u00e1n vagy emailben) a partner(ek)nek.<\/td>\n<\/tr>\n<tr style=\"height: 21px;\">\n<td style=\"height: 21px; width: 6.97842%;\">7<\/td>\n<td style=\"height: 21px; width: 11.5108%;\">V\u00e9gleges<\/td>\n<td style=\"height: 21px; width: 17.482%;\"><\/td>\n<td style=\"height: 21px; width: 16.8345%;\">Al\u00e1\u00edr\u00e1s \u00e9rkeztet\u00e9se<\/td>\n<td style=\"height: 21px; width: 42.3741%;\" width=\"514\">A Szerkeszt\u0151k csoport tagja csatolja a k\u00e9sz, a partner(ek) \u00e1ltal is al\u00e1\u00edrt p\u00e9ld\u00e1nyt \u00e9s Hat\u00e1lyba l\u00e9pve st\u00e1tuszban elv\u00e9gzi az \u00e9rkeztet\u00e9s m\u0171veletet.<\/td>\n<\/tr>\n<tr style=\"height: 53px;\">\n<td style=\"height: 53px; width: 6.97842%;\">8<\/td>\n<td style=\"height: 53px; width: 11.5108%;\">Hat\u00e1lyos<\/td>\n<td style=\"height: 53px; width: 17.482%;\"><\/td>\n<td style=\"height: 53px; width: 16.8345%;\"><\/td>\n<td style=\"height: 53px; width: 42.3741%;\">\n<p id=\"arxPtty\">A szerz\u0151d\u00e9s hat\u00e1lybal\u00e9p. M\u0171velettel van lehet\u0151s\u00e9g megsz\u0171nteni Teljes\u00edt\u00e9ssel, Szerz\u0151d\u00e9s szeg\u00e9ssel vagy K\u00f6z\u00f6s megegyez\u00e9sre hivatkozva.<\/p>\n<\/td>\n<\/tr>\n<\/tbody>\n<\/table>\n<p>&nbsp;<\/p>\n<p>Term\u00e9szetesen a folyamat r\u00e9sztvev\u0151i (ak\u00e1r bels\u0151 munkat\u00e1rs, ak\u00e1r a partner r\u00e9sz\u00e9r\u0151l) elutas\u00edthatja a szerz\u0151d\u00e9st vagy m\u00f3dos\u00edt\u00e1si ig\u00e9nnyel \u00e9lhet azzal kapcsolatban. Ekkor folyamatunkban a szerz\u0151d\u00e9s T\u00f6r\u00f6lt st\u00e1tuszt kap vagy a Szerkeszt\u0151k csoport tagjai M\u00f3dos\u00edt\u00e1si ig\u00e9ny feladatot kapnak \u00e9s a szerz\u0151d\u00e9s \u00fajra V\u00e1zlat \u00e1llapot\u00fa lesz \u00e9s verzi\u00f3sz\u00e1ma eggyel n\u0151.<\/p>\n<p>A kiosztott feladatokat &#8220;T\u00f6r\u00f6lt &#8221; vagy &#8220;Meghi\u00fasult&#8221; \u00e1llapotjellel lez\u00e1rva a k\u00f6vetkez\u0151 \u00e1llapotv\u00e1ltoz\u00e1sok k\u00f6vetkeznek be:<\/p>\n<table class=\" aligncenter\" style=\"height: 444px; width: 100%;\" width=\"100%\">\n<tbody>\n<tr>\n<td width=\"203\"><strong>\u00c1llapot<\/strong><\/td>\n<td width=\"222\"><strong>Feladat<\/strong><\/td>\n<td width=\"194\"><strong>Elutas\u00edt\u00e1s eset\u00e9n az \u00e1llapot<\/strong><\/td>\n<td width=\"445\"><strong>Magyar\u00e1zat<\/strong><\/td>\n<\/tr>\n<tr>\n<td style=\"vertical-align: middle;\">J\u00f3v\u00e1hagyott<\/td>\n<td style=\"vertical-align: middle;\">Al\u00e1\u00edr\u00e1si ig\u00e9ny<\/td>\n<td style=\"vertical-align: middle;\">V\u00e1zlat<\/td>\n<td style=\"vertical-align: middle;\" width=\"445\">Az al\u00e1\u00edr\u00f3 megtagadja az al\u00e1\u00edr\u00e1st, \u00edgy a Szerkeszt\u0151k csoport tagjai M\u00f3dos\u00edt\u00e1si ig\u00e9ny feladatot kapnak, a szerz\u0151d\u00e9s \u00e1llapota pedig V\u00e1zlat-ra v\u00e1lt.<\/td>\n<\/tr>\n<tr>\n<td style=\"vertical-align: middle;\">V\u00e1zlat<\/td>\n<td style=\"vertical-align: middle;\">M\u00f3dos\u00edt\u00e1si ig\u00e9ny<\/td>\n<td style=\"vertical-align: middle;\">T\u00f6r\u00f6lt<\/td>\n<td style=\"vertical-align: middle;\" width=\"445\">A M\u00f3dos\u00edt\u00e1si ig\u00e9ny elv\u00e9gz\u00e9s\u00e9t megtagadja a szerkeszt\u0151, a szerz\u0151d\u00e9s \u00e1llapota T\u00f6r\u00f6lt-re v\u00e1lt.<\/td>\n<\/tr>\n<tr>\n<td style=\"vertical-align: middle;\">Elfogadott<\/td>\n<td style=\"vertical-align: middle;\">J\u00f3v\u00e1hagy\u00e1si ig\u00e9ny<\/td>\n<td style=\"vertical-align: middle;\">V\u00e1zlat<\/td>\n<td style=\"vertical-align: middle;\" width=\"445\">Az j\u00f3v\u00e1hagy\u00f3 Elutas\u00edtva d\u00f6nt\u00e9st hoz, \u00edgy a Szerkeszt\u0151k csoport tagjai M\u00f3dos\u00edt\u00e1si ig\u00e9ny feladatot kapnak, a szerz\u0151d\u00e9s \u00e1llapota pedig V\u00e1zlat-ra v\u00e1lt.<\/td>\n<\/tr>\n<tr>\n<td style=\"vertical-align: middle;\">El\u0151k\u00e9sz\u00edtett<\/td>\n<td style=\"vertical-align: middle;\">El\u0151zetes j\u00f3v\u00e1hagy\u00e1si ig\u00e9ny<\/td>\n<td style=\"vertical-align: middle;\">V\u00e1zlat<\/td>\n<td style=\"vertical-align: middle;\" width=\"445\">A szerkeszt\u00e9st \u00e1zn\u00e9z\u0151 j\u00f3v\u00e1hagy\u00f3 Elutas\u00edtva d\u00f6nt\u00e9st hoz, \u00edgy a Szerkeszt\u0151k csoport tagjai M\u00f3dos\u00edt\u00e1si ig\u00e9ny feladatot kapnak, a szerz\u0151d\u00e9s \u00e1llapota pedig V\u00e1zlat-ra v\u00e1lt.<\/td>\n<\/tr>\n<\/tbody>\n<\/table>\n<h4><span id=\"Adattartalom\">Adattartalom<\/span><\/h4>\n<h5><span id=\"Metaadatok\"><strong>Metaadatok<\/strong><\/span><\/h5>\n<p>Metaadatoknak nevezz\u00fck azokat a struktur\u00e1lt adatokat, melyek egy-egy szerz\u0151d\u00e9shez k\u00f6thet\u0151k, \u00e9s melyek alapj\u00e1n azok kereshet\u0151k, azokkal kapcsolatos funkcionalit\u00e1sok vez\u00e9relhet\u0151k, valamint azok a szerz\u0151d\u00e9s sz\u00f6veg\u00e9be automatiz\u00e1ltan integr\u00e1lhat\u00f3k.<\/p>\n<p>A <a href=\"https:\/\/help.cobra.hu\/index.php\/2023\/04\/12\/sablonok-parameterezese\/#Metaadatok\" target=\"_blank\" rel=\"noopener\">szerz\u0151d\u00e9s sablonok nat\u00edvan tartalmaznak n\u00e9h\u00e1ny metaadatot<\/a> (pl. szerz\u0151d\u00e9ssz\u00e1m, keltez\u00e9s, \u00e9rt\u00e9k stb.), m\u00edg tov\u00e1bbiak vehet\u0151k fel <a href=\"https:\/\/help.cobra.hu\/index.php\/2023\/04\/12\/sablonok-parameterezese\/#Jellemzok\" target=\"_blank\" rel=\"noopener\">jellemz\u0151k<\/a> form\u00e1j\u00e1ban.<\/p>\n<h5><span id=\"Sablonok\"><strong>Sablonok<\/strong><\/span><\/h5>\n<p>A <a href=\"https:\/\/help.cobra.hu\/index.php\/2023\/04\/12\/sablonok-parameterezese\/\" target=\"_blank\" rel=\"noopener\">szerz\u0151d\u00e9s sablonok<\/a> \u00e1ltal\u00e1ban olyan, a jog\u00e1szok \u00e1ltal \u00f6ssze\u00e1ll\u00edtott dokumentumok, melyek alapj\u00e1n \u2013 azok metaadatainak kit\u00f6lt\u00e9s\u00e9vel \u2013 egyedi szerz\u0151d\u00e9sek hozhat\u00f3k l\u00e9tre.<\/p>\n<p>\u00c9rtelmezz\u00fck a form\u00e1tum n\u00e9lk\u00fcli sablon fogalm\u00e1t is, mely esetben csak a jellemz\u0151ket (metaadatok) \u00e9s a kateg\u00f3ria besorol\u00e1sokat adjuk meg, de form\u00e1tumot nem. Ezek a sablonok a m\u00e1r megl\u00e9v\u0151, vagy a befogadott szerz\u0151d\u00e9sek kit\u00f6lt\u00e9s\u00e9n\u00e9l jelentenek seg\u00edts\u00e9get.<\/p>\n<p>A sablonokon metaadatk\u00e9nt felhaszn\u00e1lhat\u00f3k a szerz\u0151d\u00e9sek nat\u00edv adatai, a hozz\u00e1juk rendelt bizonylat-jellemz\u0151k, a saj\u00e1t c\u00e9g- \u00e9s a szerz\u0151d\u0151 felek adatai.<\/p>\n<h5><span id=\"Emlekeztetok\"><strong>Eml\u00e9keztet\u0151k<\/strong><\/span><\/h5>\n<p>A szerz\u0151d\u00e9sben \u00e9rdekelt felek eml\u00e9keztet\u0151ket \u00e1ll\u00edthatnak be a szerz\u0151d\u00e9si hat\u00e1rid\u0151kre.<\/p>\n<p>P\u00e9ld\u00e1ul, a szerz\u0151d\u0151 felek a szerz\u0151d\u00e9s lej\u00e1rat\u00e1ra eml\u00e9keztet\u0151 e-mailt, vagy valamilyen m\u00e1s \u00e9rtes\u00edt\u00e9st kaphatnak, amely jelzi a k\u00f6zelg\u0151 hat\u00e1rid\u0151t, vagy a meg\u00faj\u00edthat\u00f3 szerz\u0151d\u00e9sek meg\u00faj\u00edt\u00e1si hat\u00e1rideje el\u0151tt \u00e9rtes\u00edt\u00e9s k\u00fcldhet\u0151, hogy a teljes\u00edt\u00e9s fel\u00fclvizsg\u00e1lata esed\u00e9kes, a meg\u00faj\u00edthat\u00f3s\u00e1g m\u00e9rlegelend\u0151.<\/p>\n<p>A szerz\u0151d\u00e9s id\u0151pont t\u00edpus\u00fa metaadataira eml\u00e9keztet\u0151 k\u00f6thet\u0151.<\/p>\n<p>Az eml\u00e9keztet\u0151k (\u00e9s a feladatokr\u00f3l \u00e9rtes\u00edt\u0151k) k\u00fcldhet\u0151k mobilra azonnali \u00e9rtes\u00edt\u00e9s form\u00e1j\u00e1ban, ha van el\u0151fizet\u00e9s\u00fcnk ilyen szolg\u00e1ltat\u00e1sra (pl. <a href=\"https:\/\/www.wonderpush.com\/\">WonderPush<\/a>).<\/p>\n<h5><span id=\"Szerzodesertek\"><strong>Szerz\u0151d\u00e9s\u00e9rt\u00e9k<\/strong><\/span><\/h5>\n<p>A szerz\u0151d\u00e9s \u00e9rt\u00e9ke, m\u00e1s n\u00e9ven a teljes szerz\u0151d\u00e9s\u00e9rt\u00e9k (Total Contract Value = TCV), egy adott szerz\u0151d\u00e9s vagy meg\u00e1llapod\u00e1s v\u00e9grehajt\u00e1sa ut\u00e1ni p\u00e9nz\u00fcgyi \u00e9rt\u00e9ke.<\/p>\n<p>Ez az \u00f6sszeg tartalmazza a havi ism\u00e9tl\u0151d\u0151 bev\u00e9telt (MRR), amelyet meg kell szorozni a szerz\u0151d\u00e9s id\u0151tartama alatti h\u00f3napok sz\u00e1m\u00e1val, valamint az esetleges egyszeri d\u00edjakat.<\/p>\n<p>A sz\u00e1m\u00edt\u00e1si k\u00e9plet a k\u00f6vetkez\u0151: (Havi ism\u00e9tl\u0151d\u0151 bev\u00e9tel * Szerz\u0151d\u00e9s id\u0151tartama h\u00f3napokban) + Egyszeri d\u00edjak<\/p>\n<h5><span id=\"Merfoldkovek\"><strong>M\u00e9rf\u00f6ldk\u00f6vek<\/strong><\/span><\/h5>\n<p>A m\u00e9rf\u00f6ldk\u0151 egy olyan k\u00f6telezetts\u00e9g, amelyet a partnernek teljes\u00edtenie kell a szerz\u0151d\u00e9s k\u00f6vetelm\u00e9nyeinek megfelel\u0151 teljes\u00edt\u00e9se \u00e9rdek\u00e9ben.<\/p>\n<p>A m\u00e9rf\u00f6ldk\u00f6vekhez ellen\u0151r\u00f6k csoportja rendelhet\u0151, akik sz\u00e1m\u00e1ra a rendszer feladatot gener\u00e1l a m\u00e9rf\u00f6ldk\u0151 d\u00e1tum\u00e1ra id\u0151z\u00edtett hat\u00e1rid\u0151vel.<\/p>\n<h5><span id=\"Allapotok_statuszok\"><strong>\u00c1llapotok (st\u00e1tuszok)<\/strong><\/span><\/h5>\n<p>A szerz\u0151d\u00e9s \u00e9letciklusa \u00e1llapotokkal jellemezhet\u0151, melyek k\u00f6z\u00f6tt tev\u00e9kenys\u00e9gek \u00e9s esem\u00e9nyek hat\u00e1s\u00e1ra t\u00f6rt\u00e9nik v\u00e1lt\u00e1s:<br \/>\n<img loading=\"lazy\" width=\"646\" height=\"559\" class=\"size-full wp-image-6890 aligncenter\" src=\"http:\/\/help.cobra.hu\/wp-content\/uploads\/2023\/02\/img_63e4a57aa8ec9.png\" alt=\"\" srcset=\"http:\/\/help.cobra.hu\/wp-content\/uploads\/2023\/02\/img_63e4a57aa8ec9.png 646w, http:\/\/help.cobra.hu\/wp-content\/uploads\/2023\/02\/img_63e4a57aa8ec9-300x260.png 300w, http:\/\/help.cobra.hu\/wp-content\/uploads\/2023\/02\/img_63e4a57aa8ec9-250x216.png 250w\" sizes=\"(max-width: 646px) 100vw, 646px\" \/><\/p>\n<h5><span id=\"Verziok\"><strong>Verzi\u00f3k<\/strong><\/span><\/h5>\n<p>A szerz\u0151d\u00e9s verzi\u00f3sz\u00e1mot visel. Az els\u0151 l\u00e9trej\u00f6ttekor 1-es verzi\u00f3t kap, majd valah\u00e1nyszor a l\u00e9trehoz\u00e1si folyamatban a szerz\u0151d\u0151 felek, j\u00f3v\u00e1hagy\u00f3k, vagy al\u00e1\u00edr\u00f3k m\u00f3dos\u00edt\u00e1si ig\u00e9nyt jelentenek be, a szerz\u0151d\u00e9s aktu\u00e1lis \u00e1llapot\u00e1t elmentj\u00fck, a verzi\u00f3sz\u00e1mot egyel n\u00f6velj\u00fck.\u00a0Az elmentett verzi\u00f3k b\u00e1rmikor visszan\u00e9zhet\u0151k.<\/p>\n<h4><span id=\"Szervezes\">Szervez\u00e9s<\/span><\/h4>\n<p>A CobraConto.Net rendszerben a <a href=\"https:\/\/help.cobra.hu\/index.php\/2023\/02\/09\/parameterezes\/\" target=\"_blank\" rel=\"noopener\">szerz\u0151d\u00e9seket \u00e1llom\u00e1nyokba szervezz\u00fck<\/a>, mely \u00e1llom\u00e1nyokhoz ad\u00f3\u00e9venk\u00e9nt bizonylatt\u00f6mb\u00f6k (iktat\u00f3 t\u00f6mb\u00f6k) kapcsol\u00f3dnak.<\/p>\n<p>A szerz\u0151d\u00e9s-\u00e1llom\u00e1nyok meghat\u00e1rozz\u00e1k a szerkeszt\u0151k, j\u00f3v\u00e1hagy\u00f3k \u00e9s al\u00e1\u00edr\u00f3k k\u00f6r\u00e9t, hozz\u00e1rendelt munkacsoportok form\u00e1j\u00e1ban.<\/p>\n<p>Az \u00e1llom\u00e1ny deviz\u00e1ja: A j\u00f3v\u00e1hagy\u00e1si- \u00e9s al\u00e1\u00edr\u00e1si szintek ebben a deviz\u00e1ban \u00e9rtend\u0151k.<\/p>\n<p>Az egyes szerz\u0151d\u00e9sek devizaneme lehet elt\u00e9r\u0151, azokban az esetekben a k\u00f6nyvel\u00e9si deviz\u00e1ra konvert\u00e1lt \u00f6sszegeket hasonl\u00edtjuk \u00f6ssze.<\/p>\n<p>Alap\u00e9rtelmezett forr\u00e1s mondja meg, hogy az adott \u00e1llom\u00e1nyba \u00faj szerz\u0151d\u00e9s r\u00f6gz\u00edt\u00e9sekor a rendszer milyen forr\u00e1st aj\u00e1nljon fel.<\/p>\n<p>Szint\u00e9n az \u00e1llom\u00e1nyokhoz kapcsol\u00f3dnak az \u00e1llom\u00e1nyban felhaszn\u00e1lhat\u00f3 szerz\u0151d\u00e9s-sablonok.<\/p>\n<p>A bizonylatt\u00f6mb\u00f6kh\u00f6z a megszokott m\u00f3don jogosults\u00e1gokat rendelhet\u00fcnk, ezzel biztos\u00edtva a felhaszn\u00e1l\u00f3k sz\u00e1m\u00e1ra a szab\u00e1lyozott hozz\u00e1f\u00e9r\u00e9st a szerz\u0151d\u00e9sekhez.<\/p>\n<h4><span id=\"Nyilvantartas\">Nyilv\u00e1ntart\u00e1s<\/span><\/h4>\n<p>A CobraConto.Net ERP egy\u00e9b bizonylataival ellent\u00e9tben itt nem kezel\u00fcnk el\u0151k\u00e9sz\u00edtett f\u00e1zist, mivel kibocs\u00e1t\u00e1skor egy sablonra t\u00e1maszkodunk, befogad\u00e1skor pedig egy m\u00e1r el\u0151k\u00e9sz\u00edtett szerz\u0151d\u00e9st r\u00f6gz\u00edt\u00fcnk.<\/p>\n<p>Ennek megfelel\u0151en a szerz\u0151d\u00e9seket bizonylatsz\u00e1mmal l\u00e1tjuk el sz\u00fclet\u00e9s\u00fck pillanat\u00e1ban, mely bizonylatsz\u00e1m iktat\u00e1si azonos\u00edt\u00f3k\u00e9nt is szolg\u00e1l.<\/p>\n<p>A kimen\u0151- \u00e9s bej\u00f6v\u0151 szerz\u0151d\u00e9sek egyar\u00e1nt kapnak iktat\u00e1si azonos\u00edt\u00f3t, valamint megjel\u00f6lj\u00fck az ir\u00e1nyukat. A kimen\u0151 szerz\u0151d\u00e9sek eset\u00e9ben a \u201eSzerz\u0151d\u00e9ssz\u00e1m\u201d mez\u0151be is az iktat\u00f3sz\u00e1m ker\u00fcl, m\u00edg bej\u00f6v\u0151 szerz\u0151d\u00e9s eset\u00e9n a partner \u00e1ltal adott szerz\u0151d\u00e9ssz\u00e1mot tartalmazza.<\/p>\n<h4><span id=\"Folyamatok\">Folyamatok<\/span><\/h4>\n<h5><span id=\"Kibocsatas_kimeno_szerzodes\"><strong>Kibocs\u00e1t\u00e1s (kimen\u0151 szerz\u0151d\u00e9s)<\/strong><\/span><\/h5>\n<p>Kimen\u0151 szerz\u0151d\u00e9s l\u00e9trehoz\u00e1si folyamata a CobraConto.Net rendszerben a fenti elvet k\u00f6veti, melyet az al\u00e1bbi \u00e1bra szeml\u00e9ltet, ahol a feh\u00e9r t\u00e9glalapok jelk\u00e9pezik a szerz\u0151d\u00e9st annak k\u00fcl\u00f6nb\u00f6z\u0151 st\u00e1tuszaiban:<br \/>\n<img loading=\"lazy\" width=\"1152\" height=\"950\" class=\"size-full wp-image-6892 aligncenter\" src=\"http:\/\/help.cobra.hu\/wp-content\/uploads\/2023\/02\/img_63e4a5b6a67dd.png\" alt=\"\" srcset=\"http:\/\/help.cobra.hu\/wp-content\/uploads\/2023\/02\/img_63e4a5b6a67dd.png 1152w, http:\/\/help.cobra.hu\/wp-content\/uploads\/2023\/02\/img_63e4a5b6a67dd-300x247.png 300w, http:\/\/help.cobra.hu\/wp-content\/uploads\/2023\/02\/img_63e4a5b6a67dd-1024x844.png 1024w, http:\/\/help.cobra.hu\/wp-content\/uploads\/2023\/02\/img_63e4a5b6a67dd-768x633.png 768w, http:\/\/help.cobra.hu\/wp-content\/uploads\/2023\/02\/img_63e4a5b6a67dd-250x206.png 250w\" sizes=\"(max-width: 1152px) 100vw, 1152px\" \/><\/p>\n<h5><span id=\"Letrehozas\"><strong>L\u00e9trehoz\u00e1s<\/strong><\/span><\/h5>\n<p>A szerz\u0151d\u00e9s els\u0151 v\u00e1ltozat\u00e1nak l\u00e9trehoz\u00e1sa, var\u00e1zsl\u00f3val, sablon alapj\u00e1n.<\/p>\n<h5><span id=\"Atnezes_Belso_egyeztetes\"><strong>\u00c1tn\u00e9z\u00e9s = Bels\u0151 egyeztet\u00e9s<\/strong><\/span><\/h5>\n<p>Miut\u00e1n elk\u00e9sz\u00fclt a szerz\u0151d\u00e9s els\u0151 v\u00e1zlata, az \u00e9rintett \u00e9rdekelt felek azt bels\u0151leg fel\u00fclvizsg\u00e1lhatj\u00e1k.<\/p>\n<p>A szerz\u0151d\u00e9shez feladatokat osztunk ki az \u00e9rintettek sz\u00e1m\u00e1ra.<\/p>\n<p>Az \u00e9rintettek \u00e1tn\u00e9zik a szerz\u0151d\u00e9s-tervezetet, \u00e9s ha kell, m\u00f3dos\u00edtanak rajta.<\/p>\n<p>A szerz\u0151d\u00e9s ebben a st\u00e1tuszban marad, m\u00edg a sz\u00fcks\u00e9ges sz\u00e1m\u00fa feladat le nem z\u00e1rul.<\/p>\n<p>Ha valaki m\u00f3dos\u00edtott rajta, a feladatokat \u00fajra kiosztjuk.<\/p>\n<p>Ha nincs m\u00e1r m\u00f3dos\u00edt\u00e1s, a szerz\u0151d\u00e9s st\u00e1tuszt v\u00e1lt el\u0151re.<\/p>\n<h5><span id=\"Targyalas_Kulso_egyeztetes\"><strong>T\u00e1rgyal\u00e1s = K\u00fcls\u0151 egyeztet\u00e9s<\/strong><\/span><\/h5>\n<p>A szerz\u0151d\u00e9s t\u00e1rgyal\u00e1sa mag\u00e1ban foglalja a szerz\u0151d\u00e9s felt\u00e9teleinek megvitat\u00e1s\u00e1t a szerz\u0151d\u00e9ses partnerekkel.<\/p>\n<p>A szerz\u0151d\u00e9s-tervezetet megk\u00fcldj\u00fck a szerz\u0151d\u00e9ses partnernek.<\/p>\n<p>Ha a v\u00e1lasz m\u00f3dos\u00edt\u00e1si javaslatokat tartalmaz, egy felel\u0151s szem\u00e9ly (szerz\u0151d\u00e9s gazd\u00e1ja) \u00faj verzi\u00f3t hoz l\u00e9tre a szerz\u0151d\u00e9shez, becsatolja a dokumentumot (m\u00f3dos\u00edt\u00e1si ig\u00e9ny le\u00edr\u00e1s\u00e1t) a szerz\u0151d\u00e9shez, majd feladatokat oszt ki annak \u00e1tn\u00e9z\u00e9s\u00e9re (Bels\u0151 egyeztet\u00e9s), a szerz\u0151d\u00e9s vissza l\u00e9p a megel\u0151z\u0151 st\u00e1tuszba.<\/p>\n<p>Ha nincs m\u00f3dos\u00edt\u00e1si javaslat, a szerz\u0151d\u00e9s st\u00e1tuszt v\u00e1lt el\u0151re.<\/p>\n<h5><span id=\"Jovahagyas\"><strong>J\u00f3v\u00e1hagy\u00e1s<\/strong><\/span><\/h5>\n<p>Miut\u00e1n megt\u00e1rgyalt\u00e1k a szerz\u0151d\u00e9st, \u00e9s mindk\u00e9t f\u00e9l el\u00e9gedett az elfogadott v\u00e1ltozattal, a szerz\u0151d\u00e9st az \u00e9rdekelt feleknek j\u00f3v\u00e1 kell hagyniuk.<\/p>\n<p>A szerz\u0151d\u00e9shez feladatokat osztunk ki az \u00e9rintettek sz\u00e1m\u00e1ra.<\/p>\n<p>Az \u00e9rintettek \u00e1tn\u00e9zik az elfogadott szerz\u0151d\u00e9st, \u00e9s j\u00f3v\u00e1hagyj\u00e1k, vagy visszak\u00fcldik \u00e1tdolgoz\u00e1sra.<\/p>\n<p>A szerz\u0151d\u00e9s ebben a st\u00e1tuszban marad, m\u00edg a sz\u00fcks\u00e9ges sz\u00e1m\u00fa feladat le nem z\u00e1rul.<\/p>\n<p>Ha volt visszak\u00fcld\u00e9s, a szerz\u0151d\u00e9s visszal\u00e9p a v\u00e1zlat st\u00e1tuszba, a t\u00f6bbi feladat t\u00f6rl\u0151dik.<\/p>\n<p>Ha nem volt visszak\u00fcld\u00e9s, \u00e9s a sz\u00fcks\u00e9ges sz\u00e1m\u00fa j\u00f3v\u00e1hagy\u00e1st megkapta, a szerz\u0151d\u00e9s a j\u00f3v\u00e1hagyott st\u00e1tuszba l\u00e9p.<\/p>\n<h5><span id=\"Jovahagyoi_alairas_nyomtatasa\">J\u00f3v\u00e1hagy\u00f3i al\u00e1\u00edr\u00e1s nyomtat\u00e1sa<\/span><\/h5>\n<p>K\u00e9s\u0151bb, ha a szerz\u0151d\u00e9s a k\u00f6vetkez\u0151 \u00e1llapotokba ker\u00fcl, sz\u00fcks\u00e9g lehet arra, hogy a nyomtatott szerz\u0151d\u00e9sen l\u00e1tsszon a j\u00f3v\u00e1hagy\u00f3(k) neve, al\u00e1\u00edr\u00e1sa. Mivel a partnernek nem szeretn\u00e9nk elk\u00fcldeni ezt az inform\u00e1ci\u00f3t, a szerz\u0151d\u00e9s bels\u0151 haszn\u00e1lat\u00fa mell\u00e9kletek\u00e9nt nyomtatjuk ki \u00e9s f\u0171zz\u00fck le, hasonl\u00f3an, mint a sz\u00e1ml\u00e1hoz mell\u00e9kelt kont\u00edr-lapot.<\/p>\n<h5><span id=\"Alairas\"><strong>Al\u00e1\u00edr\u00e1s<\/strong><\/span><\/h5>\n<p>Miut\u00e1n mindk\u00e9t f\u00e9l j\u00f3v\u00e1hagyta, a szerz\u0151d\u00e9s al\u00e1\u00edrhat\u00f3.<\/p>\n<p>Hagyom\u00e1nyos pap\u00edr alap\u00fa szerz\u0151d\u00e9sek eset\u00e9n a szerz\u0151d\u00e9sgazda kinyomtatja a j\u00f3v\u00e1hagyott szerz\u0151d\u00e9st, al\u00e1\u00edratja a megfelel\u0151 szem\u00e9llyel, majd elk\u00fcldi a partnereknek al\u00e1\u00edr\u00e1sra.<\/p>\n<p>Ha mindk\u00e9t f\u00e9l rendelkezik elektronikus al\u00e1\u00edr\u00e1ssal, akkor a nyomtat\u00e1s helyett PDF \u00e1llom\u00e1nyt gener\u00e1l, azt elektronikusan \u00edratja al\u00e1, \u00e9s azt k\u00fcldi el a partnereknek.<\/p>\n<p>A szerz\u0151d\u00e9sek bizonyos fajt\u00e1i \u2013 pl. a titoktart\u00e1si meg\u00e1llapod\u00e1sok \u2013 nem ig\u00e9nyelnek saj\u00e1t kez\u0171 al\u00e1\u00edr\u00e1st csak a m\u00e1sik f\u00e9l r\u00e9sz\u00e9r\u0151l, a kibocs\u00e1t\u00f3 al\u00e1\u00edr\u00e1sa automatikusan r\u00e1nyomtathat\u00f3. Ebben az esetben az al\u00e1\u00edr\u00e1s l\u00e9p\u00e9s a kibocs\u00e1t\u00f3 oldal\u00e1n elmarad, a j\u00f3v\u00e1hagyott szerz\u0151d\u00e9st azonnal megk\u00fcldj\u00fck a partnernek.<\/p>\n<p>A szerz\u0151d\u00e9s st\u00e1tusz\u00e1t al\u00e1\u00edrtra \u00e1ll\u00edtja.<\/p>\n<h5><span id=\"Archivalas\"><strong>Archiv\u00e1l\u00e1s<\/strong><\/span><\/h5>\n<p>A szerz\u0151d\u00e9sgazda a partnert\u0151l visszakapott al\u00e1\u00edrt p\u00e9ld\u00e1nyt \u2013 pap\u00edr eset\u00e9n digitaliz\u00e1lja, majd \u2013 becsatolja.<\/p>\n<p>A szerz\u0151d\u00e9s st\u00e1tusz\u00e1t hat\u00e1lyosra \u00e1ll\u00edtja.<\/p>\n<h4><span id=\"Bejovo_szerzodes_befogadasa\">Bej\u00f6v\u0151 szerz\u0151d\u00e9s befogad\u00e1sa<\/span><\/h4>\n<p>A szerz\u0151d\u00e9s befogad\u00e1s folyamata a szerz\u0151d\u00e9s kibocs\u00e1t\u00e1ssal nagyon hasonl\u00f3, azzal, hogy a l\u00e9trehoz\u00e1s nem a sablon kiv\u00e1laszt\u00e1s\u00e1t jelenti, hanem a kapott szerz\u0151d\u00e9s-tervezet becsatol\u00e1s\u00e1t.<\/p>\n<p>Befogad\u00e1s eset\u00e9ben a szerkeszt\u00e9s csup\u00e1n a metaadatokban bek\u00f6vetkezett v\u00e1ltoz\u00e1sok r\u00f6gz\u00edt\u00e9s\u00e9t jelenti, illetve hogy \u00faj verzi\u00f3 r\u00f6gz\u00edt\u00e9se a megkapott dokumentum becsatol\u00e1s\u00e1t jelenti gener\u00e1l\u00e1s helyett.<\/p>\n<h4><span id=\"Megujitas\">Meg\u00faj\u00edt\u00e1s<\/span><\/h4>\n<p>A szerz\u0151d\u00e9s meg\u00faj\u00edt\u00e1sa elt\u00e9r a szerz\u0151d\u00e9s meghosszabb\u00edt\u00e1s\u00e1t\u00f3l, mivel a szerz\u0151d\u00e9s meg\u00faj\u00edt\u00e1sa \u00e1ltal\u00e1ban \u00faj szerz\u0151d\u00e9s l\u00e9trehoz\u00e1s\u00e1t eredm\u00e9nyezi, m\u00edg a szerz\u0151d\u00e9s meghosszabb\u00edt\u00e1sa jellemz\u0151en egy megl\u00e9v\u0151 szerz\u0151d\u00e9s id\u0151tartam\u00e1nak meghosszabb\u00edt\u00e1s\u00e1ra ir\u00e1nyul.<\/p>\n<p>A meg\u00faj\u00edt\u00e1s technikailag \u00faj szerz\u0151d\u00e9s l\u00e9trehoz\u00e1s\u00e1t jelenti a meglev\u0151 alapj\u00e1n (m\u00e1sol\u00e1ssal), lecser\u00e9lve annak d\u00e1tumait az aktu\u00e1lis \u00e9rt\u00e9kekre. Innen a folyamat megegyezik a teljesen \u00faj szerz\u0151d\u00e9s l\u00e9trehoz\u00e1s\u00e1val.<\/p>\n<p>Az \u00faj szerz\u0151d\u00e9s var\u00e1zsl\u00f3 el\u0151t\u00f6ltve jelenik meg (pl. partner, kezd\u0151 d\u00e1tum a r\u00e9gi szerz\u0151d\u00e9s lej\u00e1rta ut\u00e1ni nap stb.).<\/p>\n<p>A szerz\u0151d\u00e9s-meg\u00faj\u00edt\u00e1sok kezel\u00e9s\u00e9hez automatikus eml\u00e9keztet\u0151ket alkalmazunk, amelyek a meg\u00faj\u00edt\u00e1si hat\u00e1rid\u0151 el\u0151tt \u00e9rtes\u00edtik a megadott felhaszn\u00e1l\u00f3kat, mely lehet\u0151v\u00e9 teszi, hogy id\u0151ben d\u00f6nt\u00e9s sz\u00fclessen arr\u00f3l, hogy az adott szerz\u0151d\u00e9st meg k\u00edv\u00e1njuk-e \u00faj\u00edtani, \u00fajrat\u00e1rgyalni vagy felbontani a meg\u00e1llapod\u00e1st.<\/p>\n<h4><span id=\"Hosszabbitas\">Hosszabb\u00edt\u00e1s<\/span><\/h4>\n<p>A szerz\u0151d\u00e9s meghosszabb\u00edt\u00e1sa a felek meg\u00e1llapod\u00e1sa a megl\u00e9v\u0151 szerz\u0151d\u00e9s \u00e9rv\u00e9nyess\u00e9gi id\u0151tartam\u00e1nak meghosszabb\u00edt\u00e1s\u00e1r\u00f3l.<\/p>\n<p>A szerz\u0151d\u00e9shosszabb\u00edt\u00e1s megval\u00f3s\u00edthat\u00f3 ak\u00e1r \u00faj szerz\u0151d\u00e9s megk\u00f6t\u00e9s\u00e9vel, vagy a r\u00e9gi m\u00f3dos\u00edt\u00e1s\u00e1val. Mindk\u00e9t esetben a felt\u00e9telek v\u00e1ltozatlanok, csup\u00e1n a szerz\u0151d\u00e9ses d\u00e1tumok (lej\u00e1rat, felmond\u00e1s) v\u00e1ltoznak.<\/p>\n<h4><span id=\"Megszunes\">Megsz\u0171n\u00e9s<\/span><\/h4>\n<h5><span id=\"Teljesitessel\"><strong>Teljes\u00edt\u00e9ssel<\/strong><\/span><\/h5>\n<p>A szerz\u0151d\u00e9s teljes\u00edt\u00e9ssel sz\u0171nik meg, ha valamennyi f\u00e9l a szerz\u0151d\u00e9ses k\u00f6telezetts\u00e9g\u00e9t marad\u00e9ktalanul teljes\u00edtette.<\/p>\n<p>\u00c1ltal\u00e1nos szab\u00e1ly, hogy a szerz\u0151d\u00e9s teljes\u00edt\u00e9s\u00e9hez minden szerz\u0151d\u00e9si felt\u00e9telt teljes eg\u00e9sz\u00e9ben \u00e9s pontosan a le\u00edrtak szerint kell teljes\u00edteni.<\/p>\n<h5><span id=\"Szerzodesszegessel\"><strong>Szerz\u0151d\u00e9sszeg\u00e9ssel<\/strong><\/span><\/h5>\n<p>Ha a szerz\u0151d\u0151 felek k\u00f6z\u00fcl egy, vagy t\u00f6bb nem teljes\u00edti (vagy megtagadja) szerz\u0151d\u00e9ses k\u00f6telezetts\u00e9geit, a v\u00e9tlen f\u00e9l jogosult a szerz\u0151d\u00e9s felmond\u00e1s\u00e1ra.<\/p>\n<h5><span id=\"Kozos_megegyezessel\"><strong>K\u00f6z\u00f6s megegyez\u00e9ssel<\/strong><\/span><\/h5>\n<p>A szerz\u0151d\u00e9s befejez\u00e9se, miel\u0151tt a benne foglalt k\u00f6telezetts\u00e9geket valamennyi f\u00e9l teljes\u00edtette volna.<\/p>\n<p>A szerz\u0151d\u00e9s befejez\u00e9se eset\u00e9n a szerz\u0151d\u0151 felek mentes\u00fclnek a szerz\u0151d\u00e9s szerinti k\u00f6telezetts\u00e9geik tov\u00e1bbi teljes\u00edt\u00e9se al\u00f3l.<\/p>\n<p>Egy hat\u00e1lyos szerz\u0151d\u00e9s felmond\u00e1s\u00e1hoz mindenk\u00e9ppen sz\u00fcks\u00e9ges felmond\u00e1si nyilatkozatot k\u00e9sz\u00edteni \u00e9s beny\u00fajtani a szerz\u0151d\u0151 feleknek.<\/p>\n<p>&nbsp;<\/p>\n","protected":false},"excerpt":{"rendered":"<p>Tartalomjegyz&eacute;k1 Bevezet\u00e9s2 \u00c9letciklus3 Adattartalom3.1 Metaadatok3.2 Sablonok3.3 Eml\u00e9keztet\u0151k3.4 Szerz\u0151d\u00e9s\u00e9rt\u00e9k3.5 M\u00e9rf\u00f6ldk\u00f6vek3.6 \u00c1llapotok (st\u00e1tuszok)3.7 Verzi\u00f3k4 Szervez\u00e9s5 Nyilv\u00e1ntart\u00e1s6 Folyamatok6.1 Kibocs\u00e1t\u00e1s (kimen\u0151 szerz\u0151d\u00e9s)6.2 L\u00e9trehoz\u00e1s6.3 \u00c1tn\u00e9z\u00e9s = Bels\u0151 egyeztet\u00e9s6.4 T\u00e1rgyal\u00e1s = K\u00fcls\u0151 egyeztet\u00e9s6.5 J\u00f3v\u00e1hagy\u00e1s6.6 J\u00f3v\u00e1hagy\u00f3i al\u00e1\u00edr\u00e1s nyomtat\u00e1sa6.7 Al\u00e1\u00edr\u00e1s6.8 Archiv\u00e1l\u00e1s7 Bej\u00f6v\u0151 szerz\u0151d\u00e9s befogad\u00e1sa8 Meg\u00faj\u00edt\u00e1s9 Hosszabb\u00edt\u00e1s10 Megsz\u0171n\u00e9s10.1 Teljes\u00edt\u00e9ssel10.2 Szerz\u0151d\u00e9sszeg\u00e9ssel10.3 K\u00f6z\u00f6s megegyez\u00e9ssel Bevezet\u00e9s A Szerz\u0151d\u00e9s modul a CobraConto.Net rendszeren bel\u00fcl biztos\u00edtja: a c\u00e9ges szerz\u0151d\u00e9sek l\u00e9trehoz\u00e1s\u00e1t a rendszer sz\u00f6vegszerkeszt\u0151j\u00e9vel l\u00e9trehozhat\u00f3 sablonok alapj\u00e1n ezek enged\u00e9lyez\u00e9si \u00e9s al\u00e1\u00edr\u00e1si folyamat\u00e1nak kezel\u00e9s\u00e9t a szerz\u0151d\u00e9sek t\u00e1rol\u00e1s\u00e1t, visszakereshet\u0151s\u00e9g\u00e9t m\u00e1r megl\u00e9v\u0151, kor\u00e1bban [&hellip;]<\/p>\n","protected":false},"author":1,"featured_media":0,"comment_status":"closed","ping_status":"closed","sticky":false,"template":"","format":"standard","meta":[],"categories":[163],"tags":[],"_links":{"self":[{"href":"http:\/\/help.cobra.hu\/index.php\/wp-json\/wp\/v2\/posts\/6881"}],"collection":[{"href":"http:\/\/help.cobra.hu\/index.php\/wp-json\/wp\/v2\/posts"}],"about":[{"href":"http:\/\/help.cobra.hu\/index.php\/wp-json\/wp\/v2\/types\/post"}],"author":[{"embeddable":true,"href":"http:\/\/help.cobra.hu\/index.php\/wp-json\/wp\/v2\/users\/1"}],"replies":[{"embeddable":true,"href":"http:\/\/help.cobra.hu\/index.php\/wp-json\/wp\/v2\/comments?post=6881"}],"version-history":[{"count":16,"href":"http:\/\/help.cobra.hu\/index.php\/wp-json\/wp\/v2\/posts\/6881\/revisions"}],"predecessor-version":[{"id":7026,"href":"http:\/\/help.cobra.hu\/index.php\/wp-json\/wp\/v2\/posts\/6881\/revisions\/7026"}],"wp:attachment":[{"href":"http:\/\/help.cobra.hu\/index.php\/wp-json\/wp\/v2\/media?parent=6881"}],"wp:term":[{"taxonomy":"category","embeddable":true,"href":"http:\/\/help.cobra.hu\/index.php\/wp-json\/wp\/v2\/categories?post=6881"},{"taxonomy":"post_tag","embeddable":true,"href":"http:\/\/help.cobra.hu\/index.php\/wp-json\/wp\/v2\/tags?post=6881"}],"curies":[{"name":"wp","href":"https:\/\/api.w.org\/{rel}","templated":true}]}}