{"id":2128,"date":"2015-09-28T12:14:33","date_gmt":"2015-09-28T12:14:33","guid":{"rendered":"http:\/\/help.cobra.hu\/?p=2128"},"modified":"2026-03-13T12:13:38","modified_gmt":"2026-03-13T12:13:38","slug":"termekadatok-kezelese","status":"publish","type":"post","link":"https:\/\/help.cobra.hu\/index.php\/2015\/09\/28\/termekadatok-kezelese\/","title":{"rendered":"Term\u00e9kadatok kezel\u00e9se"},"content":{"rendered":"<div id=\"toc_container\" class=\"no_bullets\"><p class=\"toc_title\">Tartalomjegyz&eacute;k<\/p><ul class=\"toc_list\"><li><a href=\"#A_termek_adatlapjanrogzitheto_adatok\"><span class=\"toc_number toc_depth_1\">1<\/span> A term\u00e9k adatlapj\u00e1n\u00a0r\u00f6gz\u00edthet\u0151 adatok<\/a><ul><li><a href=\"#Raktarkezeles_ful\"><span class=\"toc_number toc_depth_2\">1.1<\/span> Rakt\u00e1rkezel\u00e9s f\u00fcl<\/a><\/li><li><a href=\"#Konyveles_ful\"><span class=\"toc_number toc_depth_2\">1.2<\/span> K\u00f6nyvel\u00e9s f\u00fcl<\/a><\/li><li><a href=\"#ADR_ful\"><span class=\"toc_number toc_depth_2\">1.3<\/span> ADR f\u00fcl\n<\/a><\/li><li><a href=\"#Arak_8211_Akcios_arak_8211_Szerzodeses_arak_fulek\"><span class=\"toc_number toc_depth_2\">1.4<\/span> \u00c1rak &#8211; Akci\u00f3s \u00e1rak &#8211; Szerz\u0151d\u00e9ses \u00e1rak f\u00fclek<\/a><\/li><li><a href=\"#Besorolasok_AFA_ful\"><span class=\"toc_number toc_depth_2\">1.5<\/span> Besorol\u00e1sok \/ \u00c1FA f\u00fcl<\/a><\/li><li><a href=\"#TESZOR_ful\"><span class=\"toc_number toc_depth_2\">1.6<\/span> TESZOR f\u00fcl<\/a><\/li><li><a href=\"#Szallitoi_arak_ful\"><span class=\"toc_number toc_depth_2\">1.7<\/span> Sz\u00e1ll\u00edt\u00f3i \u00e1rak f\u00fcl<\/a><\/li><li><a href=\"#Elszamolo_ar_ful\"><span class=\"toc_number toc_depth_2\">1.8<\/span> Elsz\u00e1mol\u00f3 \u00e1r f\u00fcl<\/a><\/li><li><a href=\"#Azonositok_ful\"><span class=\"toc_number toc_depth_2\">1.9<\/span> Azonos\u00edt\u00f3k f\u00fcl<\/a><\/li><li><a href=\"#Jellemzok_ful\"><span class=\"toc_number toc_depth_2\">1.10<\/span> Jellemz\u0151k f\u00fcl<\/a><\/li><li><a href=\"#Termekdij_ful\"><span class=\"toc_number toc_depth_2\">1.11<\/span> Term\u00e9kd\u00edj f\u00fcl<\/a><\/li><li><a href=\"#Tarolas_ful\"><span class=\"toc_number toc_depth_2\">1.12<\/span> T\u00e1rol\u00e1s f\u00fcl<\/a><\/li><li><a href=\"#Egysegtomeg_ful\"><span class=\"toc_number toc_depth_2\">1.13<\/span> Egys\u00e9gt\u00f6meg f\u00fcl<\/a><\/li><li><a href=\"#DRS_ful\"><span class=\"toc_number toc_depth_2\">1.14<\/span> DRS f\u00fcl<\/a><\/li><\/ul><\/li><\/ul><\/div>\n<p>Minden, a rendszerbe k\u00e9zzel r\u00f6gz\u00edtett\u00a0vagy import\u00e1lt\u00a0term\u00e9k rendelkezik saj\u00e1t term\u00e9kadatlappal, melyeket a <strong>F\u0151men\u00fc Term\u00e9kek \/ Term\u00e9kek<\/strong> men\u00fcpontban tekinthet\u00fcnk meg:<\/p>\n<p id=\"byKracE\"><img loading=\"lazy\" class=\" wp-image-9538 aligncenter\" src=\"http:\/\/help.cobra.hu\/wp-content\/uploads\/2026\/03\/img_69b3b59408502.png\" alt=\"\" width=\"385\" height=\"678\" srcset=\"https:\/\/help.cobra.hu\/wp-content\/uploads\/2026\/03\/img_69b3b59408502.png 579w, https:\/\/help.cobra.hu\/wp-content\/uploads\/2026\/03\/img_69b3b59408502-170x300.png 170w, https:\/\/help.cobra.hu\/wp-content\/uploads\/2026\/03\/img_69b3b59408502-142x250.png 142w\" sizes=\"(max-width: 385px) 100vw, 385px\" \/><\/p>\n<p>&nbsp;<\/p>\n<p id=\"ftjyJcK\"><img loading=\"lazy\" class=\"wp-image-9539 aligncenter\" src=\"http:\/\/help.cobra.hu\/wp-content\/uploads\/2026\/03\/img_69b3b5bef1d55.png\" alt=\"\" width=\"973\" height=\"626\" srcset=\"https:\/\/help.cobra.hu\/wp-content\/uploads\/2026\/03\/img_69b3b5bef1d55.png 1683w, https:\/\/help.cobra.hu\/wp-content\/uploads\/2026\/03\/img_69b3b5bef1d55-300x193.png 300w, https:\/\/help.cobra.hu\/wp-content\/uploads\/2026\/03\/img_69b3b5bef1d55-1024x658.png 1024w, https:\/\/help.cobra.hu\/wp-content\/uploads\/2026\/03\/img_69b3b5bef1d55-768x494.png 768w, https:\/\/help.cobra.hu\/wp-content\/uploads\/2026\/03\/img_69b3b5bef1d55-1536x987.png 1536w, https:\/\/help.cobra.hu\/wp-content\/uploads\/2026\/03\/img_69b3b5bef1d55-250x161.png 250w\" sizes=\"(max-width: 973px) 100vw, 973px\" \/><\/p>\n<p>A term\u00e9k \u00e1llom\u00e1ny folyamatosan b\u0151v\u00edthet\u0151, manu\u00e1lisan a [<strong>\u00daj adat<\/strong>] gombra kattintva az ablakon vagy import\u00e1l\u00e1ssal. Az [\u00daj adat] \/ [<strong>\u00daj adat a kiv\u00e1lasztott m\u00e1sol\u00e1s\u00e1val<\/strong>] gombbal a kiv\u00e1lasztott term\u00e9k adatai alapj\u00e1n ind\u00edthatunk \u00faj term\u00e9k r\u00f6gz\u00edt\u00e9st:<\/p>\n<p id=\"zKXyexz\"><img loading=\"lazy\" width=\"580\" height=\"182\" class=\"size-full wp-image-9540 aligncenter\" src=\"http:\/\/help.cobra.hu\/wp-content\/uploads\/2026\/03\/img_69b3b5fc108ae.png\" alt=\"\" srcset=\"https:\/\/help.cobra.hu\/wp-content\/uploads\/2026\/03\/img_69b3b5fc108ae.png 580w, https:\/\/help.cobra.hu\/wp-content\/uploads\/2026\/03\/img_69b3b5fc108ae-300x94.png 300w, https:\/\/help.cobra.hu\/wp-content\/uploads\/2026\/03\/img_69b3b5fc108ae-250x78.png 250w\" sizes=\"(max-width: 580px) 100vw, 580px\" \/><\/p>\n<h4><span id=\"A_termek_adatlapjanrogzitheto_adatok\">A term\u00e9k adatlapj\u00e1n\u00a0r\u00f6gz\u00edthet\u0151 adatok<\/span><\/h4>\n<p>A\u00a0program \u00e1ltal\u00e1nos alkalmaz\u00e1s\u00e1nak megfelel\u0151en, a r\u00f6gz\u00edt\u00e9shez k\u00f6telez\u0151\u00a0adatok * -al ker\u00fcltek jel\u00f6l\u00e9sre a term\u00e9k kartonon: <strong>\u00a0<\/strong><\/p>\n<p id=\"SYuKcFa\"><img loading=\"lazy\" width=\"1096\" height=\"642\" class=\"size-full wp-image-3866 aligncenter\" src=\"http:\/\/help.cobra.hu\/wp-content\/uploads\/2018\/03\/img_5aa65b455aefd.png\" alt=\"\" srcset=\"https:\/\/help.cobra.hu\/wp-content\/uploads\/2018\/03\/img_5aa65b455aefd.png 1096w, https:\/\/help.cobra.hu\/wp-content\/uploads\/2018\/03\/img_5aa65b455aefd-300x176.png 300w, https:\/\/help.cobra.hu\/wp-content\/uploads\/2018\/03\/img_5aa65b455aefd-1024x600.png 1024w, https:\/\/help.cobra.hu\/wp-content\/uploads\/2018\/03\/img_5aa65b455aefd-250x146.png 250w\" sizes=\"(max-width: 1096px) 100vw, 1096px\" \/><\/p>\n<p>&nbsp;<\/p>\n<p><strong>Megnevez\u00e9s*<\/strong>: 80 karakter hossz\u00fa megnevez\u00e9st tudunk r\u00f6gz\u00edteni ak\u00e1r t\u00f6bb nyelven is, de egy k\u00f6telez\u0151.<\/p>\n<p><strong>Bizonylat le\u00edr\u00e1s<\/strong>: Ez a mez\u0151 \u00e1ll rendelkez\u00e9sre b\u00e1rmilyen, a term\u00e9khez tartoz\u00f3 hosszabb sz\u00f6veg, adatok, egy\u00e9b meghat\u00e1roz\u00e1sok feljegyz\u00e9s\u00e9re karaktersz\u00e1m megk\u00f6t\u00e9s n\u00e9lk\u00fcl. A be\u00e1ll\u00edtott le\u00edr\u00e1s automatikusan beemel\u00e9sre ker\u00fcl a sz\u00e1ll\u00edt\u00f3lev\u00e9lre\/sz\u00e1ml\u00e1ra.<\/p>\n<p><strong>M\u00e9rt\u00e9kegys\u00e9g*<\/strong>: leg\u00f6rd\u00fcl\u0151 men\u00fcb\u0151l lehet v\u00e1lasztani, vagy a sz\u00f6vegre kattintva \u00fajat felvenni.<\/p>\n<p><strong>Gy\u00e1rt\u00f3 \u2013 M\u00e1rka:<\/strong> csoportos\u00edt\u00e1si lehet\u0151s\u00e9g, mind gy\u00e1rt\u00f3 mind m\u00e1rka rendelhet\u0151 a term\u00e9khez, a sz\u00f6vegre kattintva \u00faj r\u00f6gz\u00edthet\u0151.<\/p>\n<p><strong>Csomagol\u00e1s<\/strong>: adott term\u00e9k m\u00e1sodlagos m\u00e9rt\u00e9kegys\u00e9ge adhat\u00f3 meg, valamint az alapegys\u00e9gb\u0151l csomagolt mennyis\u00e9g (a megbonthat\u00f3 kapcsol\u00f3 biztos\u00edtja az alapegys\u00e9genk\u00e9nti elad\u00e1s szab\u00e1lyoz\u00e1s\u00e1t).<\/p>\n<p><strong>K\u00e9szletek:<\/strong> csak inform\u00e1ci\u00f3s szekci\u00f3, az aktu\u00e1lis k\u00e9szleteket jelen\u00edti meg a rakt\u00e1rakban<\/p>\n<p><strong>Csatolm\u00e1nyok<\/strong>: Term\u00e9k fot\u00f3t, gy\u00e1rt\u00e1si rajzot, haszn\u00e1lati \u00fatmutat\u00f3t, egy\u00e9b dokumentumokat csatolhatunk a Hozz\u00e1ad\u00e1s gomb kiv\u00e1laszt\u00e1s\u00e1val. Amennyiben t\u00f6bb dokumentumot csatolunk, akkor lehet\u0151s\u00e9g van alap\u00e9rtelmezett dokumentum kiv\u00e1laszt\u00e1s\u00e1ra a k\u00f6nnyebb kiv\u00e1laszt\u00e1s \u00e9rdek\u00e9ben. Sz\u00fcks\u00e9g eset\u00e9n a Ment\u00e9s gombra kattintva menthet\u0151v\u00e9 v\u00e1lik a kiv\u00e1lasztott dokumentum:<\/p>\n<p id=\"NqOPHiW\"><img loading=\"lazy\" width=\"453\" height=\"300\" class=\"size-full wp-image-3869 aligncenter\" src=\"http:\/\/help.cobra.hu\/wp-content\/uploads\/2018\/03\/img_5aa65c195e4b8.png\" alt=\"\" srcset=\"https:\/\/help.cobra.hu\/wp-content\/uploads\/2018\/03\/img_5aa65c195e4b8.png 453w, https:\/\/help.cobra.hu\/wp-content\/uploads\/2018\/03\/img_5aa65c195e4b8-300x199.png 300w, https:\/\/help.cobra.hu\/wp-content\/uploads\/2018\/03\/img_5aa65c195e4b8-250x166.png 250w\" sizes=\"(max-width: 453px) 100vw, 453px\" \/><\/p>\n<p><strong>Kateg\u00f3ria<\/strong> <strong>besorol\u00e1s<\/strong>: Itt van lehet\u0151s\u00e9g csoportos\u00edtani k\u00fcl\u00f6nb\u00f6z\u0151 kateg\u00f3ri\u00e1k szerint a term\u00e9keket. Az itt be\u00e1ll\u00edtott kateg\u00f3ri\u00e1k felhaszn\u00e1l\u00e1s\u00e1val\u00a0a kimutat\u00e1sok\/lek\u00e9rdez\u00e9sek sz\u0171r\u00e9sei finom\u00edthat\u00f3ak (pl.: forgalom, \u00e1rr\u00e9s, stb):<\/p>\n<p id=\"yZhNXAj\"><img loading=\"lazy\" width=\"447\" height=\"297\" class=\"size-full wp-image-3868 aligncenter\" src=\"http:\/\/help.cobra.hu\/wp-content\/uploads\/2018\/03\/img_5aa65bcde52dc.png\" alt=\"\" srcset=\"https:\/\/help.cobra.hu\/wp-content\/uploads\/2018\/03\/img_5aa65bcde52dc.png 447w, https:\/\/help.cobra.hu\/wp-content\/uploads\/2018\/03\/img_5aa65bcde52dc-300x199.png 300w, https:\/\/help.cobra.hu\/wp-content\/uploads\/2018\/03\/img_5aa65bcde52dc-250x166.png 250w\" sizes=\"(max-width: 447px) 100vw, 447px\" \/><\/p>\n<p>&nbsp;<\/p>\n<h5><span id=\"Raktarkezeles_ful\"><strong>Rakt\u00e1rkezel\u00e9s f\u00fcl<\/strong><\/span><\/h5>\n<p id=\"OOItwcS\"><img loading=\"lazy\" width=\"445\" height=\"247\" class=\"size-full wp-image-3867 aligncenter\" src=\"http:\/\/help.cobra.hu\/wp-content\/uploads\/2018\/03\/img_5aa65b95bdfcc.png\" alt=\"\" srcset=\"https:\/\/help.cobra.hu\/wp-content\/uploads\/2018\/03\/img_5aa65b95bdfcc.png 445w, https:\/\/help.cobra.hu\/wp-content\/uploads\/2018\/03\/img_5aa65b95bdfcc-300x167.png 300w, https:\/\/help.cobra.hu\/wp-content\/uploads\/2018\/03\/img_5aa65b95bdfcc-250x139.png 250w\" sizes=\"(max-width: 445px) 100vw, 445px\" \/><\/p>\n<p><strong>\u00a0<\/strong><\/p>\n<p><strong>Rakt\u00e1rkezel\u00e9ssel<\/strong>: a kapcsol\u00f3t be kell \u00e1ll\u00edtani, ha a felvenni k\u00edv\u00e1nt t\u00e9tel term\u00e9k, ez\u00e9rt kezelnie kell a k\u00e9szletet. Rakt\u00e1rkezel\u00e9s n\u00e9lk\u00fcl tipikusan szolg\u00e1ltat\u00e1sok kezelhet\u0151ek.<\/p>\n<p><strong>Nyilv\u00e1ntart\u00e1si deviza*:<\/strong> K\u00e9szlet nyilv\u00e1ntart\u00e1skor alkalmazott devizanem. A sz\u00f6vegre kattintva karbantarthat\u00f3v\u00e1 v\u00e1lnak a p\u00e9nznemek.<\/p>\n<p><strong>Azonos\u00edt\u00e1s<\/strong>: a leg\u00f6rd\u00fcl\u0151 men\u00fcb\u0151l kell kiv\u00e1lasztani, ha a rakt\u00e1ri t\u00e9telt <strong>sorozatsz\u00e1m<\/strong>\u00a0(p\u00e9ld\u00e1nyonk\u00e9nt egyedi) vagy <strong>sarzs<\/strong>\u00a0(adag, kupac) azonos\u00edt\u00f3 alapj\u00e1n kell rakt\u00e1rra v\u00e9telezni, \u00e9s kiad\u00e1skor kiv\u00e1lasztani. (P\u00e9ld\u00e1ul, ha a rakt\u00e1ri nyilv\u00e1ntart\u00e1sba v\u00e9telkor \u00e9s sz\u00e1ml\u00e1z\u00e1sn\u00e1l, a cikk gy\u00e1rt\u00e1si sz\u00e1m\u00e1nak vagy rendsz\u00e1m\u00e1nak a megad\u00e1sa sz\u00fcks\u00e9ges.)<\/p>\n<p>Itt kap szerepet azonos\u00edt\u00f3 t\u00edpusk\u00e9nt az <strong>\u00c9rv\u00e9nyess\u00e9gi<\/strong> <strong>id\u0151. <\/strong>A be\u00e1ll\u00edt\u00e1st v\u00e1lasztva, a program megk\u00f6veteli, hogy az <strong>\u00c9rv\u00e9nyess\u00e9gi id\u0151 k\u00f6telez\u0151<\/strong> (<strong>Bev\u00e9telez\u00e9s<\/strong>) kapcsol\u00f3 legyen be\u00e1ll\u00edtva, \u00e9s hogy az Azonos\u00edt\u00e1s csak kiad\u00e1skor kapcsol\u00f3 jel\u00f6letlen legyen. Ezt a be\u00e1ll\u00edt\u00e1st alkalmazva egy term\u00e9khez, a bev\u00e9telez\u00e9sek alkalm\u00e1val a program megk\u00f6veteli az \u00e9rv\u00e9nyess\u00e9gi id\u0151 megad\u00e1s\u00e1t, \u00e9s a megadott d\u00e1tumb\u00f3l automatikusan gener\u00e1l a bev\u00e9telezett mennyis\u00e9ghez <strong>Sarzs<\/strong> azonos\u00edt\u00f3t.\u00a0Ezzel a m\u00f3dszerrel az \u00e9rv\u00e9nyess\u00e9gi id\u0151vel igen, de egy\u00e9b sorozatsz\u00e1mmal nem rendelkezo\u030b k\u00e9szletek is nyomon k\u00f6vethet\u0151k, an\u00e9lk\u00fcl, hogy k\u00e9tszer kellene az \u00e9rv\u00e9nyess\u00e9gi id\u0151t megadni. Az \u00e9rv\u00e9nyess\u00e9gi id\u0151b\u0151l gener\u00e1lt <strong>Sarzs<\/strong> azonos\u00edt\u00f3 szerkezete yyyyMMdd, vagyis \u00e9v, h\u00f3, nap. \u00cdgy az oper\u00e1ci\u00f3s rendszer nyelvi be\u00e1ll\u00edt\u00e1sait\u00f3l f\u00fcggetlen\u00fcl rendezhet\u0151\u00a0azonos\u00edt\u00f3kat gener\u00e1l a program.<\/p>\n<p><strong>Azonos\u00edt\u00e1s csak kiad\u00e1skor<\/strong>: Az Azonos\u00edt\u00e1shoz szorosan kapcsol\u00f3d\u00f3 opci\u00f3: jel\u00f6l\u00e9s\u00e9vel csak kiad\u00e1skor kell egyedi azonos\u00edt\u00f3t megadni a term\u00e9khez. Jellemz\u0151en ez akkor hasznos, ha a k\u00e9szleten l\u00e9v\u0151 term\u00e9kek sorozatsz\u00e1ma irrelev\u00e1ns, de az r\u00f6gz\u00edteni szeretn\u00e9nk kiad\u00e1skor, hogy a partner\u00fcnk pontosan melyiket vette \u00e1t.<\/p>\n<p><strong>Intrastat jelent\u00e9sben nem szerepel: <\/strong>bejel\u00f6l\u00e9s hat\u00e1s\u00e1ra az <a href=\"http:\/\/help.cobra.hu\/index.php\/2015\/09\/28\/intrastat-bevallas\/\">Intrastat jelent\u00e9s<\/a> k\u00e9sz\u00edt\u00e9sekor a szoftver kihagyja a term\u00e9ket<\/p>\n<p><strong>Intrastat sz\u00e1rmaz\u00e1si orsz\u00e1g<\/strong>: adatk\u00f6telezetts\u00e9g eset\u00e9n sz\u00fcks\u00e9ges a sz\u00e1rmaz\u00e1si orsz\u00e1g megad\u00e1s\u00e1ra a bevall\u00e1shoz.<\/p>\n<p><strong>Minim\u00e1l\u00e1r<\/strong>: term\u00e9kenk\u00e9nt t\u00e1rolhat\u00f3 minim\u00e1l\u00e1r, mely alatti \u00e9rt\u00e9kes\u00edt\u00e9s eset\u00e9n be\u00e1ll\u00edt\u00e1st\u00f3l \u00e9s jogosults\u00e1gt\u00f3l f\u00fcgg\u0151en figyelmezteti vagy akad\u00e1lyozza a felhaszn\u00e1l\u00f3t.<\/p>\n<h5><span id=\"Konyveles_ful\"><strong>K\u00f6nyvel\u00e9s f\u00fcl<\/strong><\/span><\/h5>\n<p id=\"lUpVTzL\"><img loading=\"lazy\" width=\"446\" height=\"223\" class=\"alignnone size-full wp-image-3870 aligncenter\" src=\"http:\/\/help.cobra.hu\/wp-content\/uploads\/2018\/03\/img_5aa65c4ebf243.png\" alt=\"\" srcset=\"https:\/\/help.cobra.hu\/wp-content\/uploads\/2018\/03\/img_5aa65c4ebf243.png 446w, https:\/\/help.cobra.hu\/wp-content\/uploads\/2018\/03\/img_5aa65c4ebf243-300x150.png 300w, https:\/\/help.cobra.hu\/wp-content\/uploads\/2018\/03\/img_5aa65c4ebf243-250x125.png 250w\" sizes=\"(max-width: 446px) 100vw, 446px\" \/><\/p>\n<p>&nbsp;<\/p>\n<p><strong>K\u00f6nyvel\u00e9si besorol\u00e1s*<\/strong>: K\u00f6nyvel\u00e9si csoport hozz\u00e1rendel\u00e9se a term\u00e9khez.<\/p>\n<p><strong>\u00c1rbev\u00e9tel besorol\u00e1s*:<\/strong> az \u00e1rbev\u00e9teli kont\u00edroz\u00e1sn\u00e1l megadott \u201ekont\u00edrsz\u00e1m-besorol\u00e1s\u201d hozz\u00e1rendel\u00e9se a term\u00e9khez. M\u00e1s n\u00e9ven kont\u00edr adatok megad\u00e1sa.<\/p>\n<p><strong>Elsz\u00e1mol\u00f3\u00e1ras nyilv\u00e1ntart\u00e1s<\/strong>: amennyiben adtunk meg adatot a term\u00e9k adatlapj\u00e1nak Elsz\u00e1mol\u00f3 \u00e1r f\u00fcl\u00e9n, \u00e9s szeretn\u00e9nk <a href=\"http:\/\/help.cobra.hu\/index.php\/2015\/09\/28\/raktari-bevetelezes-keszitese\/\">bev\u00e9telez\u00e9skor<\/a> ezt az elsz\u00e1mol\u00f3 \u00e1rat haszn\u00e1lni, jel\u00f6lj\u00fck be.<\/p>\n<p><strong>Term\u00e9kd\u00edjas \u00f6sszetev\u0151t tartalmaz<\/strong>: amennyiben a Tertm\u00e9kd\u00edj f\u00fcl\u00f6n r\u00f6gz\u00edtett\u00fcnk KT \/ CSK \u00f6sszetev\u0151ket, mindenk\u00e9pp jel\u00f6lj\u00fck be. Sz\u00e1ml\u00e1z\u00e1s sor\u00e1n ellen\u0151rz\u00e9sre ker\u00fcl.<\/p>\n<h5><span id=\"ADR_ful\"><strong>ADR f\u00fcl<br \/>\n<\/strong><\/span><\/h5>\n<p><span style=\"font-family: inherit; font-style: inherit; font-weight: inherit;\">Egy term\u00e9k adatlapj\u00e1n r\u00f6gz\u00edthet\u0151k a k\u00f6vetkez\u0151 ADR-el kapcsolatos adatok:<\/span><\/p>\n<ul>\n<li>UN-sz\u00e1m<\/li>\n<li>Sz\u00e1ll\u00edt\u00e1si vesz\u00e9lyess\u00e9gi oszt\u00e1ly<\/li>\n<li>Sz\u00e1ll\u00edt\u00e1si kateg\u00f3ria<\/li>\n<li>Sz\u00e1ll\u00edt\u00e1si megnevez\u00e9s<\/li>\n<\/ul>\n<p id=\"oRJVUcd\"><img loading=\"lazy\" class=\"wp-image-9544 aligncenter\" src=\"http:\/\/help.cobra.hu\/wp-content\/uploads\/2026\/03\/img_69b3b9566a523.png\" alt=\"\" width=\"501\" height=\"160\" srcset=\"https:\/\/help.cobra.hu\/wp-content\/uploads\/2026\/03\/img_69b3b9566a523.png 682w, https:\/\/help.cobra.hu\/wp-content\/uploads\/2026\/03\/img_69b3b9566a523-300x96.png 300w, https:\/\/help.cobra.hu\/wp-content\/uploads\/2026\/03\/img_69b3b9566a523-250x80.png 250w\" sizes=\"(max-width: 501px) 100vw, 501px\" \/><\/p>\n<p>Sz\u00e1ll\u00edt\u00f3levelet, mint ADR fuvarokm\u00e1nyt az \u00c9rt\u00e9kes\u00edt\u00e9s modul <a href=\"https:\/\/help.cobra.hu\/index.php\/2017\/12\/20\/ertekesitesi-teljesites-rogzitese\/\" target=\"_blank\" rel=\"noopener\">Teljes\u00edt\u00e9s bizonylat<\/a>\u00e1b\u00f3l \u00e1ll\u00edthatunk el\u0151. L\u00e1sd b\u0151vebben: <a href=\"https:\/\/help.cobra.hu\/index.php\/2025\/01\/19\/adr-adatok-kezelese\/\">https:\/\/help.cobra.hu\/index.php\/2025\/01\/19\/adr-adatok-kezelese\/<\/a><\/p>\n<h5><span id=\"Arak_8211_Akcios_arak_8211_Szerzodeses_arak_fulek\"><strong>\u00c1rak &#8211; Akci\u00f3s \u00e1rak &#8211; Szerz\u0151d\u00e9ses \u00e1rak f\u00fclek<\/strong><\/span><\/h5>\n<p><strong>\u00c1rak f\u00fcl<\/strong>: lehet\u0151s\u00e9g van a term\u00e9k <a href=\"http:\/\/help.cobra.hu\/index.php\/2015\/09\/09\/arformak\/\">\u00e1rform\u00e1nk\u00e9nti<\/a> elad\u00e1si \u00e1rainak manu\u00e1lis megad\u00e1s\u00e1ra, m\u00f3dos\u00edt\u00e1s\u00e1ra, ak\u00e1r devizanemenk\u00e9nt, \u00e9rv\u00e9nyess\u00e9gi d\u00e1tum (t\u00f3l-ig) felvitel\u00e9vel. Egy adott <a href=\"http:\/\/help.cobra.hu\/index.php\/2016\/06\/06\/03_partnerkarton\/\" target=\"_blank\" rel=\"noopener\">partner<\/a>hez tartoz\u00f3 alap\u00e9rtelmezett \u00e1rforma be\u00e1ll\u00edthat\u00f3 az adott partner adatlapj\u00e1n.<\/p>\n<p id=\"WegMkzq\"><img loading=\"lazy\" width=\"1111\" height=\"397\" class=\"size-full wp-image-4191 aligncenter\" src=\"http:\/\/help.cobra.hu\/wp-content\/uploads\/2019\/03\/img_5c88d2e6ab63e.png\" alt=\"\" srcset=\"https:\/\/help.cobra.hu\/wp-content\/uploads\/2019\/03\/img_5c88d2e6ab63e.png 1111w, https:\/\/help.cobra.hu\/wp-content\/uploads\/2019\/03\/img_5c88d2e6ab63e-300x107.png 300w, https:\/\/help.cobra.hu\/wp-content\/uploads\/2019\/03\/img_5c88d2e6ab63e-1024x366.png 1024w, https:\/\/help.cobra.hu\/wp-content\/uploads\/2019\/03\/img_5c88d2e6ab63e-250x89.png 250w\" sizes=\"(max-width: 1111px) 100vw, 1111px\" \/><\/p>\n<p>\u00daj elad\u00e1si \u00e1r r\u00f6gz\u00edt\u00e9se sor\u00e1n k\u00f6telez\u0151 adat az \u00e1r \u00e9rv\u00e9nyess\u00e9g\u00e9nek kezdete, az \u00e1rforma, a deviza \u00e9s mag\u00e1nak az \u00e1rnak a megad\u00e1sa:<\/p>\n<p id=\"QcRGivW\"><img loading=\"lazy\" width=\"402\" height=\"194\" class=\"size-full wp-image-4193 aligncenter\" src=\"http:\/\/help.cobra.hu\/wp-content\/uploads\/2019\/03\/img_5c88d5a7146c6.png\" alt=\"\" srcset=\"https:\/\/help.cobra.hu\/wp-content\/uploads\/2019\/03\/img_5c88d5a7146c6.png 402w, https:\/\/help.cobra.hu\/wp-content\/uploads\/2019\/03\/img_5c88d5a7146c6-300x145.png 300w, https:\/\/help.cobra.hu\/wp-content\/uploads\/2019\/03\/img_5c88d5a7146c6-250x121.png 250w\" sizes=\"(max-width: 402px) 100vw, 402px\" \/><\/p>\n<p>\u00daj \u00e1r r\u00f6gz\u00edt\u00e9sekor ugyanabban az \u00e1rform\u00e1ban \u00e9s deviz\u00e1ban m\u00e1r szerepl\u0151 \u00e1r csak akkor r\u00f6gz\u00edthet\u0151, ha a kor\u00e1bbi \u00e1r \u00e9rv\u00e9nyess\u00e9g\u00e9t az \u00faj \u00e1r \u00e9rv\u00e9nyess\u00e9g\u00e9nek kezdete el\u0151tti d\u00e1tummal lez\u00e1rjuk, vagyis a m\u00e1r r\u00f6gz\u00edtett \u00e1r &#8220;\u00c9rv v\u00e9ge&#8221; mez\u0151j\u00e9be az \u00faj \u00e1r \u00e9rv\u00e9nyess\u00e9gnek kezdete el\u0151tti d\u00e1tumot megadunk. Ha nem \u00edgy tesz\u00fcnk, az \u00faj \u00e1r r\u00f6gz\u00edt\u00e9sekor\u00a0figyelmeztet a rendszer ennek elv\u00e9gz\u00e9s\u00e9re:<\/p>\n<p id=\"QUQZMUC\"><img loading=\"lazy\" width=\"719\" height=\"680\" class=\"size-full wp-image-4195 aligncenter\" src=\"http:\/\/help.cobra.hu\/wp-content\/uploads\/2019\/03\/img_5c88d86a16ca9.png\" alt=\"\" srcset=\"https:\/\/help.cobra.hu\/wp-content\/uploads\/2019\/03\/img_5c88d86a16ca9.png 719w, https:\/\/help.cobra.hu\/wp-content\/uploads\/2019\/03\/img_5c88d86a16ca9-300x284.png 300w, https:\/\/help.cobra.hu\/wp-content\/uploads\/2019\/03\/img_5c88d86a16ca9-250x236.png 250w\" sizes=\"(max-width: 719px) 100vw, 719px\" \/><\/p>\n<p><strong>Akci\u00f3s \u00e1rak f\u00fcl:<\/strong> Itt lehet r\u00f6gz\u00edteni a term\u00e9k akci\u00f3s \u00e1r\u00e1t devizanemenk\u00e9nt, az akci\u00f3s id\u0151szak megad\u00e1s\u00e1val. Mivel a szoftver a legkedvez\u0151bb \u00e1r elv\u00e9t alkalmazza, ez\u00e9rt \u00e9rt\u00e9kes\u00edt\u00e9s sor\u00e1n megvizsg\u00e1lja, hogy az adott term\u00e9knek van-e az adott id\u0151pontban a kiv\u00e1lasztott \u00e1rform\u00e1ban \u00e9s deviz\u00e1ban \u00e9rtelmezett \u00e1r\u00e1n\u00e1l olcs\u00f3bb akci\u00f3s \u00e1ra, ha pedig tal\u00e1l ilyet, automatikusan ezt aj\u00e1nlja fel, mint elad\u00e1si \u00e1r.<\/p>\n<p><strong>Szerz\u0151d\u00e9ses \u00e1rak f\u00fcl:<\/strong> Egy vagy t\u00f6bb partnerhez rendelhet\u00fcnk hozz\u00e1 szerz\u0151d\u00e9ses \u00e1rat devizanemenk\u00e9nt. A szerz\u0151d\u00e9s kezdet\u00e9nek \u00e9s v\u00e9g\u00e9nek megad\u00e1sa k\u00f6telez\u0151. Vigy\u00e1zat! A h\u00e1rom elad\u00e1si \u00e1r k\u00f6z\u00fcl a szerz\u0151d\u00e9ses \u00e1r a &#8220;leger\u0151sebb&#8221;, fel\u00fclb\u00edr\u00e1lja az akci\u00f3s \u00e9s az \u00e1ltal\u00e1nos elad\u00e1si \u00e1rakat!<\/p>\n<p id=\"EgvRPav\"><img loading=\"lazy\" width=\"697\" height=\"221\" class=\"size-full wp-image-4181 aligncenter\" src=\"http:\/\/help.cobra.hu\/wp-content\/uploads\/2019\/03\/img_5c88cb9573c3f.png\" alt=\"\" srcset=\"https:\/\/help.cobra.hu\/wp-content\/uploads\/2019\/03\/img_5c88cb9573c3f.png 697w, https:\/\/help.cobra.hu\/wp-content\/uploads\/2019\/03\/img_5c88cb9573c3f-300x95.png 300w, https:\/\/help.cobra.hu\/wp-content\/uploads\/2019\/03\/img_5c88cb9573c3f-250x79.png 250w\" sizes=\"(max-width: 697px) 100vw, 697px\" \/><\/p>\n<p><strong>Alap\u00e9rtelmezett<\/strong> <strong>deviza<\/strong>: Hat\u00e1s\u00e1ra az elad\u00e1si \u00e1rak megad\u00e1sakor ez a devizanem jelenik meg alap\u00e9rtelmezettk\u00e9nt.<\/p>\n<p id=\"TwZobyt\"><img loading=\"lazy\" width=\"697\" height=\"288\" class=\"size-full wp-image-4182 aligncenter\" src=\"http:\/\/help.cobra.hu\/wp-content\/uploads\/2019\/03\/img_5c88cbdea4e86.png\" alt=\"\" srcset=\"https:\/\/help.cobra.hu\/wp-content\/uploads\/2019\/03\/img_5c88cbdea4e86.png 697w, https:\/\/help.cobra.hu\/wp-content\/uploads\/2019\/03\/img_5c88cbdea4e86-300x124.png 300w, https:\/\/help.cobra.hu\/wp-content\/uploads\/2019\/03\/img_5c88cbdea4e86-250x103.png 250w\" sizes=\"(max-width: 697px) 100vw, 697px\" \/><\/p>\n<h5><span id=\"Besorolasok_AFA_ful\"><strong>Besorol\u00e1sok \/ \u00c1FA f\u00fcl<\/strong><\/span><\/h5>\n<p>A rendszerben megadott belf\u00f6ld\u00f6n haszn\u00e1land\u00f3 <a href=\"http:\/\/help.cobra.hu\/index.php\/2015\/09\/09\/afa-kulcsok\/\">\u00c1FA kulcs(ok)<\/a> rendelhet\u0151(k) a term\u00e9khez, \u00e9rv\u00e9nyess\u00e9gi id\u0151 megad\u00e1s\u00e1val:<\/p>\n<p id=\"qFeHADi\"><img loading=\"lazy\" class=\" wp-image-9541 aligncenter\" src=\"http:\/\/help.cobra.hu\/wp-content\/uploads\/2026\/03\/img_69b3b6b08c03f.png\" alt=\"\" width=\"686\" height=\"283\" srcset=\"https:\/\/help.cobra.hu\/wp-content\/uploads\/2026\/03\/img_69b3b6b08c03f.png 1094w, https:\/\/help.cobra.hu\/wp-content\/uploads\/2026\/03\/img_69b3b6b08c03f-300x124.png 300w, https:\/\/help.cobra.hu\/wp-content\/uploads\/2026\/03\/img_69b3b6b08c03f-1024x422.png 1024w, https:\/\/help.cobra.hu\/wp-content\/uploads\/2026\/03\/img_69b3b6b08c03f-768x317.png 768w, https:\/\/help.cobra.hu\/wp-content\/uploads\/2026\/03\/img_69b3b6b08c03f-250x103.png 250w\" sizes=\"(max-width: 686px) 100vw, 686px\" \/><\/p>\n<h5><span id=\"TESZOR_ful\"><strong>TESZOR f\u00fcl<\/strong><\/span><\/h5>\n<p>Ezen a f\u00fcl\u00f6n adhat\u00f3 meg a term\u00e9khez vagy szolg\u00e1ltat\u00e1shoz tartoz\u00f3 TESZOR sz\u00e1m, az \u00e9rv\u00e9nyess\u00e9g kezdet\u00e9vel. A <strong>TESZOR <\/strong>mez\u0151be a term\u00e9khez tartoz\u00f3 TESZOR\u00a0sz\u00e1m\u00a0megad\u00e1sa csak kiv\u00e1laszt\u00e1ssal t\u00f6rt\u00e9nhet. A TESZOR sz\u00e1mok list\u00e1j\u00e1t, param\u00e9terez\u00e9s\u00e9t el\u00e9rj\u00fck a &#8220;TESZOR&#8221; linkre kattintva:<\/p>\n<p id=\"SCpFRUv\"><img loading=\"lazy\" class=\" wp-image-9542 aligncenter\" src=\"http:\/\/help.cobra.hu\/wp-content\/uploads\/2026\/03\/img_69b3b785c5221.png\" alt=\"\" width=\"970\" height=\"728\" srcset=\"https:\/\/help.cobra.hu\/wp-content\/uploads\/2026\/03\/img_69b3b785c5221.png 1795w, https:\/\/help.cobra.hu\/wp-content\/uploads\/2026\/03\/img_69b3b785c5221-300x225.png 300w, https:\/\/help.cobra.hu\/wp-content\/uploads\/2026\/03\/img_69b3b785c5221-1024x768.png 1024w, https:\/\/help.cobra.hu\/wp-content\/uploads\/2026\/03\/img_69b3b785c5221-768x576.png 768w, https:\/\/help.cobra.hu\/wp-content\/uploads\/2026\/03\/img_69b3b785c5221-1536x1153.png 1536w, https:\/\/help.cobra.hu\/wp-content\/uploads\/2026\/03\/img_69b3b785c5221-250x188.png 250w\" sizes=\"(max-width: 970px) 100vw, 970px\" \/><\/p>\n<h5><span id=\"Szallitoi_arak_ful\"><strong>Sz\u00e1ll\u00edt\u00f3i \u00e1rak f\u00fcl<\/strong><\/span><\/h5>\n<p>A term\u00e9khez kapcsol\u00f3d\u00f3 besz\u00e1ll\u00edt\u00f3 partnert, \u00e9rv\u00e9nyess\u00e9gi id\u0151keretet, devizanemet, \u00e1rat, sz\u00e1ll\u00edt\u00e1si id\u0151t \u00e9s minim\u00e1lisan rendelhet\u0151 mennyis\u00e9get tudunk meghat\u00e1rozni. Beszerz\u00e9si rendel\u00e9s felt\u00f6lt\u00e9sekor, amennyiben a megadott partnert\u0151l rendel\u00fcnk az \u00e9rv\u00e9nyess\u00e9gi id\u0151szakban, a program a cikk felvitelekor a sz\u00e1ll\u00edt\u00f3hoz meghat\u00e1rozott \u00e1rat fogja automatikusan, mint beszerz\u00e9si egys\u00e9g\u00e1r felaj\u00e1nlani.<\/p>\n<p id=\"ckuAQzu\"><img loading=\"lazy\" class=\" wp-image-9549  aligncenter\" src=\"http:\/\/help.cobra.hu\/wp-content\/uploads\/2026\/03\/img_69b3f9b15b3e0.png\" alt=\"\" width=\"684\" height=\"345\" srcset=\"https:\/\/help.cobra.hu\/wp-content\/uploads\/2026\/03\/img_69b3f9b15b3e0.png 1111w, https:\/\/help.cobra.hu\/wp-content\/uploads\/2026\/03\/img_69b3f9b15b3e0-300x151.png 300w, https:\/\/help.cobra.hu\/wp-content\/uploads\/2026\/03\/img_69b3f9b15b3e0-1024x516.png 1024w, https:\/\/help.cobra.hu\/wp-content\/uploads\/2026\/03\/img_69b3f9b15b3e0-768x387.png 768w, https:\/\/help.cobra.hu\/wp-content\/uploads\/2026\/03\/img_69b3f9b15b3e0-250x126.png 250w\" sizes=\"(max-width: 684px) 100vw, 684px\" \/><\/p>\n<h5><span id=\"Elszamolo_ar_ful\"><strong>Elsz\u00e1mol\u00f3 \u00e1r f\u00fcl<\/strong><\/span><\/h5>\n<p>Amennyiben a term\u00e9ket elsz\u00e1mol\u00f3\u00e1ron k\u00edv\u00e1njuk nyilv\u00e1ntartani (bev\u00e9telezni) ezen a f\u00fcl\u00f6n adhatjuk meg az elsz\u00e1mol\u00f3\u00e1rat az \u00e9rv\u00e9nyess\u00e9g kezdet\u00e9vel:<\/p>\n<p id=\"cvxxKhF\"><img loading=\"lazy\" class=\" wp-image-9550  aligncenter\" src=\"http:\/\/help.cobra.hu\/wp-content\/uploads\/2026\/03\/img_69b3fd532e398.png\" alt=\"\" width=\"685\" height=\"294\" srcset=\"https:\/\/help.cobra.hu\/wp-content\/uploads\/2026\/03\/img_69b3fd532e398.png 1100w, https:\/\/help.cobra.hu\/wp-content\/uploads\/2026\/03\/img_69b3fd532e398-300x129.png 300w, https:\/\/help.cobra.hu\/wp-content\/uploads\/2026\/03\/img_69b3fd532e398-1024x439.png 1024w, https:\/\/help.cobra.hu\/wp-content\/uploads\/2026\/03\/img_69b3fd532e398-768x330.png 768w, https:\/\/help.cobra.hu\/wp-content\/uploads\/2026\/03\/img_69b3fd532e398-250x107.png 250w\" sizes=\"(max-width: 685px) 100vw, 685px\" \/><\/p>\n<h5><span id=\"Azonositok_ful\"><strong>Azonos\u00edt\u00f3k f\u00fcl<\/strong><\/span><\/h5>\n<p>Azonos\u00edt\u00f3 n\u00e9lk\u00fcli term\u00e9kek\u00a0eset\u00e9n\u00a0a bizonylatokra\u00a0csak a n\u00e9v alapj\u00e1n t\u00f6rt\u00e9nhet tall\u00f3z\u00e1s \u00e9s kiv\u00e1laszt\u00e1s.\u00a0Azonos\u00edt\u00f3(ka)t is alkalmazva azonban nem csak pontosabb\u00e1 tehet\u0151 az adminisztr\u00e1ci\u00f3, de\u00a0gyors\u00edthat\u00f3 a t\u00e9telsorok r\u00f6gz\u00edt\u00e9se is a bizonylatokon.\u00a0A term\u00e9kekhez k\u00fcl\u00f6nb\u00f6z\u0151 azonos\u00edt\u00f3k (pl.: vonalk\u00f3d, saj\u00e1t bels\u0151\u00a0cikksz\u00e1m, k\u00fcl\u00f6nb\u00f6z\u0151 partnereink \u00e1ltal haszn\u00e1lt cikksz\u00e1mok, stb.) r\u00f6gz\u00edthet\u0151k, melyeket a\u00a0<a href=\"http:\/\/help.cobra.hu\/index.php\/2015\/09\/28\/termek-azonositok\/\">Term\u00e9k azonos\u00edt\u00f3k<\/a>\u00a0men\u00fcpontban\u00a0 vehet\u00fcnk fel, m\u00f3dos\u00edthatunk.<\/p>\n<p id=\"vPEPyqe\"><img loading=\"lazy\" width=\"565\" height=\"248\" class=\"size-full wp-image-3872 aligncenter\" src=\"http:\/\/help.cobra.hu\/wp-content\/uploads\/2018\/03\/img_5aa65dca074a4.png\" alt=\"\" srcset=\"https:\/\/help.cobra.hu\/wp-content\/uploads\/2018\/03\/img_5aa65dca074a4.png 565w, https:\/\/help.cobra.hu\/wp-content\/uploads\/2018\/03\/img_5aa65dca074a4-300x132.png 300w, https:\/\/help.cobra.hu\/wp-content\/uploads\/2018\/03\/img_5aa65dca074a4-250x110.png 250w\" sizes=\"(max-width: 565px) 100vw, 565px\" \/><\/p>\n<p><strong>Egy azonos\u00edt\u00f3 \u00e9rt\u00e9k kiz\u00e1r\u00f3lag egy term\u00e9khez tartozhat<\/strong>, biztos\u00edtva ezzel a k\u00f6nny\u0171 kereshet\u0151s\u00e9get \u00e9s az egy\u00e9rtelm\u0171 beazonos\u00edt\u00e1st. Amennyiben \u00fajra\u00a0pr\u00f3b\u00e1ljuk r\u00f6gz\u00edteni a m\u00e1r haszn\u00e1lt azonos\u00edt\u00f3 \u00e9rt\u00e9ket valamely term\u00e9khez, figyelmeztet\u0151 \u00fczenet k\u00eds\u00e9ret\u00e9ben megakad\u00e1lyozza a rendszer:<\/p>\n<p id=\"oOCqkwp\"><img loading=\"lazy\" width=\"220\" height=\"155\" class=\"size-full wp-image-3873 aligncenter\" src=\"http:\/\/help.cobra.hu\/wp-content\/uploads\/2018\/03\/img_5aa65dfd976c2.png\" alt=\"\" \/><\/p>\n<p>A <a href=\"http:\/\/help.cobra.hu\/index.php\/2015\/09\/28\/beallitasok\/\">T\u00f6rzsadatok \/ C\u00e9g \/ Be\u00e1ll\u00edt\u00e1sok men\u00fcpont<\/a>ban szab\u00e1lyozhatjuk a k\u00fcl\u00f6nb\u00f6z\u0151 t\u00edpus\u00fa bizonylatokon\u00a0megjelen\u0151\u00a0azonos\u00edt\u00f3t\u00edpusokat.<\/p>\n<h5><span id=\"Jellemzok_ful\"><strong>Jellemz\u0151k f\u00fcl<\/strong><\/span><\/h5>\n<p>Ebben a szekci\u00f3ban van lehet\u0151s\u00e9g el\u0151re param\u00e9terezett <a href=\"http:\/\/help.cobra.hu\/index.php\/2018\/04\/11\/termekjellemzok-kezelese\/\">term\u00e9kjellemz\u0151k<\/a> konkr\u00e9t term\u00e9khez rendel\u00e9s\u00e9hez \u00e9s a jellemz\u0151 adott term\u00e9kre vonatkoz\u00f3 \u00e9rt\u00e9k\u00e9nek megad\u00e1s\u00e1ra.<\/p>\n<p id=\"IUbDdxb\"><img loading=\"lazy\" width=\"639\" height=\"259\" class=\"size-full wp-image-3899 aligncenter\" src=\"http:\/\/help.cobra.hu\/wp-content\/uploads\/2018\/04\/img_5acddd8f0668a.png\" alt=\"\" srcset=\"https:\/\/help.cobra.hu\/wp-content\/uploads\/2018\/04\/img_5acddd8f0668a.png 639w, https:\/\/help.cobra.hu\/wp-content\/uploads\/2018\/04\/img_5acddd8f0668a-300x122.png 300w, https:\/\/help.cobra.hu\/wp-content\/uploads\/2018\/04\/img_5acddd8f0668a-250x101.png 250w\" sizes=\"(max-width: 639px) 100vw, 639px\" \/><\/p>\n<p>\u00daj jellemz\u0151 term\u00e9khez rendel\u00e9sekor a <a href=\"http:\/\/help.cobra.hu\/index.php\/2018\/04\/11\/termekjellemzok-kezelese\/\">jellemz\u0151 t\u00edpus\u00e1nak (sz\u00e1m, d\u00e1tum, logikai) megfelel\u0151en<\/a> ellen\u0151rz\u00e9s t\u00f6rt\u00e9nik, p\u00e9ld\u00e1ul sz\u00e1m adatt\u00edpus\u00fa jellemz\u0151be a szoftver nem fog sz\u00f6veget r\u00f6gz\u00edteni, hanem hib\u00e1t jelez. Felsorol\u00e1s t\u00edpus\u00fa jellemz\u0151 eset\u00e9n pedig kiz\u00e1r\u00f3lag az el\u0151re felvett \u00e9rt\u00e9kek k\u00f6z\u00fcl v\u00e1laszthatunk:<\/p>\n<p><a href=\"http:\/\/help.cobra.hu\/wp-content\/uploads\/2018\/04\/img_5acdd3ec0ea9e.png\"><img loading=\"lazy\" class=\"aligncenter size-large wp-image-3889\" src=\"http:\/\/help.cobra.hu\/wp-content\/uploads\/2018\/04\/img_5acdd3ec0ea9e-1024x602.png\" alt=\"img_5acdd3ec0ea9e\" width=\"780\" height=\"459\" srcset=\"https:\/\/help.cobra.hu\/wp-content\/uploads\/2018\/04\/img_5acdd3ec0ea9e-1024x602.png 1024w, https:\/\/help.cobra.hu\/wp-content\/uploads\/2018\/04\/img_5acdd3ec0ea9e-300x176.png 300w, https:\/\/help.cobra.hu\/wp-content\/uploads\/2018\/04\/img_5acdd3ec0ea9e-250x147.png 250w, https:\/\/help.cobra.hu\/wp-content\/uploads\/2018\/04\/img_5acdd3ec0ea9e.png 1097w\" sizes=\"(max-width: 780px) 100vw, 780px\" \/><\/a><\/p>\n<p>Egy term\u00e9khez t\u00f6bb jellemz\u0151 tartozhat, jellemz\u0151k\u00e9nt hat\u00e1rozhat\u00f3 meg, hogy az a bizonylatokra is felker\u00fclj\u00f6n-e.<\/p>\n<p><strong>Intrastat f\u00fcl<\/strong><\/p>\n<p>Azokhoz a term\u00e9kekhez, amelyek INTRASTAT k\u00f6telezett forgalmaz\u00e1sba ker\u00fclnek, a itt\u00a0lehet r\u00f6gz\u00edteni a statisztikai bevall\u00e1shoz sz\u00fcks\u00e9ges adatokat.<\/p>\n<p>A term\u00e9ket megnyitva, a term\u00e9khez tartoz\u00f3 <strong>Intrastat<\/strong> lapon, a <a href=\"http:\/\/help.cobra.hu\/index.php\/2015\/09\/28\/kombinalt-nomenkaltura\/\"><strong>Kombin\u00e1lt n\u00f3menklat\u00fara<\/strong> t\u00f6rzsadat<\/a> \u00e1llom\u00e1nyba felvett k\u00f3dok k\u00f6z\u00fcl kiv\u00e1laszthat\u00f3 a term\u00e9k KN k\u00f3dja.\u00a0Azokhoz a term\u00e9kekhez, amelyekhez el\u0151 van \u00edrva kieg\u00e9sz\u00edt\u0151 m\u00e9rt\u00e9kegys\u00e9g szerinti mennyis\u00e9g megad\u00e1sa, ott az <strong>Intrastat<\/strong> lap <strong>Szorz\u00f3<\/strong> mez\u0151be r\u00f6gz\u00edteni kell a term\u00e9k egy <strong>M\u00e9rt\u00e9kegys\u00e9g<\/strong>nyi mennyis\u00e9g\u00e9hez tartoz\u00f3 sz\u00e1mot, mint szorz\u00f3 sz\u00e1mot, ami a kieg\u00e9sz\u00edt\u0151 m\u00e9rt\u00e9kegys\u00e9g szerinti adat kisz\u00e1m\u00edt\u00e1s\u00e1hoz sz\u00fcks\u00e9ges.<\/p>\n<p id=\"ldAbCVQ\"><img loading=\"lazy\" width=\"638\" height=\"263\" class=\"size-full wp-image-4183 aligncenter\" src=\"http:\/\/help.cobra.hu\/wp-content\/uploads\/2019\/03\/img_5c88cccca8c9d.png\" alt=\"\" srcset=\"https:\/\/help.cobra.hu\/wp-content\/uploads\/2019\/03\/img_5c88cccca8c9d.png 638w, https:\/\/help.cobra.hu\/wp-content\/uploads\/2019\/03\/img_5c88cccca8c9d-300x124.png 300w, https:\/\/help.cobra.hu\/wp-content\/uploads\/2019\/03\/img_5c88cccca8c9d-250x103.png 250w\" sizes=\"(max-width: 638px) 100vw, 638px\" \/><\/p>\n<p>A term\u00e9k egy <strong>M\u00e9rt\u00e9kegys\u00e9gnyi<\/strong> mennyis\u00e9g\u00e9hez tartoz\u00f3 nett\u00f3 t\u00f6meg adat a term\u00e9k <strong>Egys\u00e9gt\u00f6meg<\/strong> lapj\u00e1n adhat\u00f3 meg.<\/p>\n<p><strong>Statisztikai<\/strong> <strong>csoportok f\u00fcl<\/strong><\/p>\n<p>J\u00f6ved\u00e9ki nyilv\u00e1ntart\u00e1s eset\u00e9n k\u00f6z\u00f6s m\u00e9rt\u00e9kegys\u00e9get tudunk meghat\u00e1rozni. Forgalmi adatok kimutat\u00e1s\u00e1hoz haszn\u00e1land\u00f3.<\/p>\n<h5><span id=\"Termekdij_ful\"><strong>Term\u00e9kd\u00edj f\u00fcl<\/strong><\/span><\/h5>\n<p>K\u00f6rnyezetv\u00e9delmi term\u00e9kd\u00edj megfizet\u00e9s\u00e9re k\u00f6telezett szervezetek eset\u00e9ben, a term\u00e9khez tartoz\u00f3 term\u00e9kd\u00edjas \u00f6sszetev\u0151ket tudjuk megadni. (b\u0151vebben kifejt\u00e9sre ker\u00fcl <a href=\"http:\/\/help.cobra.hu\/index.php\/2016\/05\/26\/kornyezetvedelmi-termekdij-feltuntetese\/\">k\u00f6rnyezetv\u00e9delmi term\u00e9kd\u00edjas sz\u00e1ml\u00e1z\u00e1s<\/a> r\u00e9szben)<\/p>\n<h5><span id=\"Tarolas_ful\"><strong>T\u00e1rol\u00e1s f\u00fcl<\/strong><\/span><\/h5>\n<p>Be\u00e1ll\u00edthatjuk, hogy egy adott rakt\u00e1rban mely t\u00e1rhelyen tal\u00e1lhat\u00f3 a term\u00e9k, ill. a t\u00e1rhely kapacit\u00e1s\u00e1t, a term\u00e9k minimum mennyis\u00e9g\u00e9t \u00e9s a t\u00f6lt\u00e9si mennyis\u00e9g\u00e9t adhatjuk meg itt:<\/p>\n<p id=\"LSHwhFa\"><img loading=\"lazy\" width=\"811\" height=\"364\" class=\"size-full wp-image-4185 aligncenter\" src=\"http:\/\/help.cobra.hu\/wp-content\/uploads\/2019\/03\/img_5c88cfcaf15e4.png\" alt=\"\" srcset=\"https:\/\/help.cobra.hu\/wp-content\/uploads\/2019\/03\/img_5c88cfcaf15e4.png 811w, https:\/\/help.cobra.hu\/wp-content\/uploads\/2019\/03\/img_5c88cfcaf15e4-300x135.png 300w, https:\/\/help.cobra.hu\/wp-content\/uploads\/2019\/03\/img_5c88cfcaf15e4-250x112.png 250w\" sizes=\"(max-width: 811px) 100vw, 811px\" \/><\/p>\n<h5><span id=\"Egysegtomeg_ful\"><strong>Egys\u00e9gt\u00f6meg<\/strong> <strong>f\u00fcl<\/strong><\/span><\/h5>\n<p>A megadott adatok haszn\u00e1lhat\u00f3k Intrastat adatszolg\u00e1ltat\u00e1shoz, valamint sz\u00e1ll\u00edt\u00f3lev\u00e9lhez, viszony\u00edt\u00e1si mennyis\u00e9ggel (vagyis h\u00e1ny m\u00e9rt\u00e9kegys\u00e9gnyi term\u00e9k k\u00e9pviseli a kg-ban megadott nett\u00f3 ill. brutt\u00f3 \u00e9rt\u00e9ket).<\/p>\n<p id=\"xIIWVJn\"><img loading=\"lazy\" width=\"628\" height=\"130\" class=\"alignnone size-full wp-image-4184 aligncenter\" src=\"http:\/\/help.cobra.hu\/wp-content\/uploads\/2019\/03\/img_5c88cdcdbdbc6.png\" alt=\"\" srcset=\"https:\/\/help.cobra.hu\/wp-content\/uploads\/2019\/03\/img_5c88cdcdbdbc6.png 628w, https:\/\/help.cobra.hu\/wp-content\/uploads\/2019\/03\/img_5c88cdcdbdbc6-300x62.png 300w, https:\/\/help.cobra.hu\/wp-content\/uploads\/2019\/03\/img_5c88cdcdbdbc6-250x52.png 250w\" sizes=\"(max-width: 628px) 100vw, 628px\" \/><\/p>\n<h5><span id=\"DRS_ful\"><strong>DRS<\/strong> <strong>f\u00fcl<\/strong><\/span><\/h5>\n<p>Ezen a f\u00fcl\u00f6n van lehet\u0151s\u00e9g a term\u00e9khez tartoz\u00f3 k\u00f6telez\u0151 visszav\u00e1lt\u00e1si rendszerhez kapcsol\u00f3d\u00f3 adatok felt\u00fcntet\u00e9s\u00e9re.<\/p>\n<p id=\"DnuLZRd\"><img loading=\"lazy\" class=\" wp-image-9546 aligncenter\" src=\"http:\/\/help.cobra.hu\/wp-content\/uploads\/2026\/03\/img_69b3e49c0d13f.png\" alt=\"\" width=\"635\" height=\"238\" srcset=\"https:\/\/help.cobra.hu\/wp-content\/uploads\/2026\/03\/img_69b3e49c0d13f.png 1108w, https:\/\/help.cobra.hu\/wp-content\/uploads\/2026\/03\/img_69b3e49c0d13f-300x112.png 300w, https:\/\/help.cobra.hu\/wp-content\/uploads\/2026\/03\/img_69b3e49c0d13f-1024x384.png 1024w, https:\/\/help.cobra.hu\/wp-content\/uploads\/2026\/03\/img_69b3e49c0d13f-768x288.png 768w, https:\/\/help.cobra.hu\/wp-content\/uploads\/2026\/03\/img_69b3e49c0d13f-250x94.png 250w\" sizes=\"(max-width: 635px) 100vw, 635px\" \/><\/p>\n<p>Az \u00c9rv\u00e9nyess\u00e9g kezdete: mikort\u00f3l \u00e9rv\u00e9nyes a cikkre az adott k\u00f6telez\u0151 visszav\u00e1lt\u00e1si be\u00e1ll\u00edt\u00e1s<\/p>\n<p>T\u00edpus lehet\u0151s\u00e9gek:<\/p>\n<ul>\n<li>Nem<\/li>\n<li>K\u00f6telez\u0151 &#8211; N.\u00da.: k\u00f6telez\u0151en visszav\u00e1lt\u00e1si d\u00edjas, NEM \u00fajrahaszn\u00e1lhat\u00f3 (egyutas) term\u00e9k<\/li>\n<li>K\u00f6telez\u0151 &#8211; \u00da.: a k\u00f6telez\u0151en visszav\u00e1lt\u00e1si d\u00edjas, \u00fajrahaszn\u00e1lhat\u00f3 (t\u00f6bbutas) term\u00e9k<\/li>\n<li>\u00d6nk\u00e9ntes: \u00f6nk\u00e9ntesen visszav\u00e1lt\u00e1si d\u00edjas term\u00e9k<\/li>\n<\/ul>\n<p>\u00d6sszeg: a k\u00f6telez\u0151 visszav\u00e1lt\u00e1si d\u00edj \u00f6sszege<br \/>\nA k\u00f6telez\u0151 visszav\u00e1lt\u00e1si d\u00edj sz\u00e1ml\u00e1z\u00e1s\u00e1r\u00f3l b\u0151vebben: <a href=\"https:\/\/help.cobra.hu\/index.php\/2024\/06\/24\/visszavaltasi-dij-kezeles\/\">https:\/\/help.cobra.hu\/index.php\/2024\/06\/24\/visszavaltasi-dij-kezeles\/<\/a><\/p>\n","protected":false},"excerpt":{"rendered":"<p>Tartalomjegyz&eacute;k1 A term\u00e9k adatlapj\u00e1n\u00a0r\u00f6gz\u00edthet\u0151 adatok1.1 Rakt\u00e1rkezel\u00e9s f\u00fcl1.2 K\u00f6nyvel\u00e9s f\u00fcl1.3 ADR f\u00fcl 1.4 \u00c1rak &#8211; Akci\u00f3s \u00e1rak &#8211; Szerz\u0151d\u00e9ses \u00e1rak f\u00fclek1.5 Besorol\u00e1sok \/ \u00c1FA f\u00fcl1.6 TESZOR f\u00fcl1.7 Sz\u00e1ll\u00edt\u00f3i \u00e1rak f\u00fcl1.8 Elsz\u00e1mol\u00f3 \u00e1r f\u00fcl1.9 Azonos\u00edt\u00f3k f\u00fcl1.10 Jellemz\u0151k f\u00fcl1.11 Term\u00e9kd\u00edj f\u00fcl1.12 T\u00e1rol\u00e1s f\u00fcl1.13 Egys\u00e9gt\u00f6meg f\u00fcl1.14 DRS f\u00fcl Minden, a rendszerbe k\u00e9zzel r\u00f6gz\u00edtett\u00a0vagy import\u00e1lt\u00a0term\u00e9k rendelkezik saj\u00e1t term\u00e9kadatlappal, melyeket a F\u0151men\u00fc Term\u00e9kek \/ Term\u00e9kek men\u00fcpontban tekinthet\u00fcnk meg: &nbsp; A term\u00e9k \u00e1llom\u00e1ny folyamatosan b\u0151v\u00edthet\u0151, manu\u00e1lisan a [\u00daj adat] gombra kattintva az [&hellip;]<\/p>\n","protected":false},"author":1,"featured_media":0,"comment_status":"closed","ping_status":"closed","sticky":false,"template":"","format":"standard","meta":[],"categories":[17],"tags":[],"_links":{"self":[{"href":"https:\/\/help.cobra.hu\/index.php\/wp-json\/wp\/v2\/posts\/2128"}],"collection":[{"href":"https:\/\/help.cobra.hu\/index.php\/wp-json\/wp\/v2\/posts"}],"about":[{"href":"https:\/\/help.cobra.hu\/index.php\/wp-json\/wp\/v2\/types\/post"}],"author":[{"embeddable":true,"href":"https:\/\/help.cobra.hu\/index.php\/wp-json\/wp\/v2\/users\/1"}],"replies":[{"embeddable":true,"href":"https:\/\/help.cobra.hu\/index.php\/wp-json\/wp\/v2\/comments?post=2128"}],"version-history":[{"count":21,"href":"https:\/\/help.cobra.hu\/index.php\/wp-json\/wp\/v2\/posts\/2128\/revisions"}],"predecessor-version":[{"id":9551,"href":"https:\/\/help.cobra.hu\/index.php\/wp-json\/wp\/v2\/posts\/2128\/revisions\/9551"}],"wp:attachment":[{"href":"https:\/\/help.cobra.hu\/index.php\/wp-json\/wp\/v2\/media?parent=2128"}],"wp:term":[{"taxonomy":"category","embeddable":true,"href":"https:\/\/help.cobra.hu\/index.php\/wp-json\/wp\/v2\/categories?post=2128"},{"taxonomy":"post_tag","embeddable":true,"href":"https:\/\/help.cobra.hu\/index.php\/wp-json\/wp\/v2\/tags?post=2128"}],"curies":[{"name":"wp","href":"https:\/\/api.w.org\/{rel}","templated":true}]}}