{"id":2433,"date":"2015-10-27T11:59:30","date_gmt":"2015-10-27T11:59:30","guid":{"rendered":"http:\/\/help.cobra.hu\/?p=2433"},"modified":"2025-10-15T14:45:59","modified_gmt":"2025-10-15T14:45:59","slug":"vegyes-bizonylatok-rogzitese","status":"publish","type":"post","link":"https:\/\/help.cobra.hu\/index.php\/2015\/10\/27\/vegyes-bizonylatok-rogzitese\/","title":{"rendered":"Vegyes bizonylatok r\u00f6gz\u00edt\u00e9se"},"content":{"rendered":"<p>T\u00f6bbnyire ezen bizonylatok r\u00f6gz\u00edt\u00e9se automatikusan t\u00f6rt\u00e9nik az analitikus modulokb\u00f3l olyan m\u0171veletek sor\u00e1n, mint p\u00e9ld\u00e1ul a p\u00e9nz\u00fcgyi t\u00e9telek technikai kiegyenl\u00edt\u00e9se, kompenz\u00e1ci\u00f3ja vagy a k\u00e9szlet\u00e9rt\u00e9k felad\u00e1s. Term\u00e9szetesen vegyes bizonylatok is import\u00e1lhat\u00f3ak a rendszerbe txt vagy XML form\u00e1tumban. Ez a helye p\u00e9ld\u00e1ul a b\u00e9rfelad\u00e1snak is.<\/p>\n<p><strong>K\u00f6nyvel\u00e9si r\u00e9teg<\/strong>: lehets\u00e9ges \u00e9rt\u00e9kek:<\/p>\n<ul>\n<li style=\"list-style-type: none;\">\n<ul>\n<li>Nem k\u00f6nyvelend\u0151: nem ker\u00fcl a f\u0151k\u00f6nyvbe felad\u00e1sba<\/li>\n<li>Mindk\u00e9t r\u00e9teg k\u00f6nyvelend\u0151: alap\u00e9rtlemezett \u00e1llapot. Mindk\u00e9t f\u0151k\u00f6nyvi r\u00e9tegbe felad\u00e1sba ker\u00fcl, amennyiben csak az els\u0151dleges (magyar) haszn\u00e1latos, akkor csak oda<\/li>\n<li>Csak alap\u00e9rtelmezett r\u00e9teg k\u00f6nyvelend\u0151: mindenk\u00e9pp csak az els\u0151dleges r\u00e9tegben k\u00f6nyvel\u0151dik<\/li>\n<li>Csak p\u00e1rhuzamos r\u00e9teg k\u00f6nyvelend\u0151: mindenk\u00e9pp csak az p\u00e1rhuzamos (IFRS, USGAAP) r\u00e9tegben k\u00f6nyvel\u0151dik<\/li>\n<\/ul>\n<\/li>\n<\/ul>\n<p><strong>T\u00edpus<\/strong>: lehets\u00e9ges \u00e9rt\u00e9kek:<\/p>\n<ul>\n<li style=\"list-style-type: none;\">\n<ul>\n<li>K\u00e9zi vegyes k\u00f6nyvel\u00e9s: alap\u00e9rtelmezett \u00e1llapot, egyszer\u0171 vegyes bejegyz\u00e9s<\/li>\n<li>F\u0151k\u00f6nyvi \u00e9vnyit\u00e1s: az \u00e9vnyit\u00f3 t\u00e9telek r\u00f6gz\u00edt\u00e9s\u00e9re szolg\u00e1l, sz\u0171rni lehets\u00e9ges r\u00e1 a f\u0151k\u00f6nyvi kivonaton<\/li>\n<li>F\u0151k\u00f6nyvi \u00e9vz\u00e1r\u00e1s: az \u00e9vz\u00e1r\u00f3 t\u00e9telek r\u00f6gz\u00edt\u00e9s\u00e9re szolg\u00e1l, sz\u0171rni lehets\u00e9ges r\u00e1 a f\u0151k\u00f6nyvi kivonaton<\/li>\n<\/ul>\n<\/li>\n<\/ul>\n<p>&nbsp;<\/p>\n<p>A r\u00f6gz\u00edt\u00e9s a <strong>tartozik<\/strong>\/<strong>k\u00f6vetel<\/strong> oldalak k\u00f6nyvel\u00e9s\u00e9vel t\u00f6rt\u00e9nik, <strong>p\u00e9nznem<\/strong> \u00e9s deviza eset\u00e9n <strong>\u00e1rfolyam<\/strong> megad\u00e1s\u00e1val. A k\u00e9t oldal \u00f6sszeg\u00e9nek meg kell egyeznie, azonban a t\u00e9tel oldalalk\u00e9nti \u00f6sszegeinek sz\u00e1ma nincs megk\u00f6tve. A t\u00e9telsorokhoz megjegyz\u00e9s f\u0171zhet\u0151, valamint gy\u0171jt\u0151zhet\u0151k is:<\/p>\n<p id=\"JOzhQPP\"><img loading=\"lazy\" width=\"998\" height=\"673\" class=\"size-full wp-image-9266  aligncenter\" src=\"http:\/\/help.cobra.hu\/wp-content\/uploads\/2025\/10\/img_68efb249d090b.png\" alt=\"\" srcset=\"https:\/\/help.cobra.hu\/wp-content\/uploads\/2025\/10\/img_68efb249d090b.png 998w, https:\/\/help.cobra.hu\/wp-content\/uploads\/2025\/10\/img_68efb249d090b-300x202.png 300w, https:\/\/help.cobra.hu\/wp-content\/uploads\/2025\/10\/img_68efb249d090b-768x518.png 768w, https:\/\/help.cobra.hu\/wp-content\/uploads\/2025\/10\/img_68efb249d090b-250x169.png 250w\" sizes=\"(max-width: 998px) 100vw, 998px\" \/><\/p>\n<p>Am\u00edg a T\/K oldal egyenlege nem nulla, a bizonylat nem v\u00e9gleges\u00edthet\u0151!<\/p>\n","protected":false},"excerpt":{"rendered":"<p>T\u00f6bbnyire ezen bizonylatok r\u00f6gz\u00edt\u00e9se automatikusan t\u00f6rt\u00e9nik az analitikus modulokb\u00f3l olyan m\u0171veletek sor\u00e1n, mint p\u00e9ld\u00e1ul a p\u00e9nz\u00fcgyi t\u00e9telek technikai kiegyenl\u00edt\u00e9se, kompenz\u00e1ci\u00f3ja vagy a k\u00e9szlet\u00e9rt\u00e9k felad\u00e1s. Term\u00e9szetesen vegyes bizonylatok is import\u00e1lhat\u00f3ak a rendszerbe txt vagy XML form\u00e1tumban. Ez a helye p\u00e9ld\u00e1ul a b\u00e9rfelad\u00e1snak is. K\u00f6nyvel\u00e9si r\u00e9teg: lehets\u00e9ges \u00e9rt\u00e9kek: Nem k\u00f6nyvelend\u0151: nem ker\u00fcl a f\u0151k\u00f6nyvbe felad\u00e1sba Mindk\u00e9t r\u00e9teg k\u00f6nyvelend\u0151: alap\u00e9rtlemezett \u00e1llapot. Mindk\u00e9t f\u0151k\u00f6nyvi r\u00e9tegbe felad\u00e1sba ker\u00fcl, amennyiben csak az els\u0151dleges (magyar) haszn\u00e1latos, akkor csak oda Csak alap\u00e9rtelmezett r\u00e9teg [&hellip;]<\/p>\n","protected":false},"author":1,"featured_media":2434,"comment_status":"closed","ping_status":"closed","sticky":false,"template":"","format":"standard","meta":[],"categories":[42],"tags":[98,109],"_links":{"self":[{"href":"https:\/\/help.cobra.hu\/index.php\/wp-json\/wp\/v2\/posts\/2433"}],"collection":[{"href":"https:\/\/help.cobra.hu\/index.php\/wp-json\/wp\/v2\/posts"}],"about":[{"href":"https:\/\/help.cobra.hu\/index.php\/wp-json\/wp\/v2\/types\/post"}],"author":[{"embeddable":true,"href":"https:\/\/help.cobra.hu\/index.php\/wp-json\/wp\/v2\/users\/1"}],"replies":[{"embeddable":true,"href":"https:\/\/help.cobra.hu\/index.php\/wp-json\/wp\/v2\/comments?post=2433"}],"version-history":[{"count":3,"href":"https:\/\/help.cobra.hu\/index.php\/wp-json\/wp\/v2\/posts\/2433\/revisions"}],"predecessor-version":[{"id":9267,"href":"https:\/\/help.cobra.hu\/index.php\/wp-json\/wp\/v2\/posts\/2433\/revisions\/9267"}],"wp:featuredmedia":[{"embeddable":true,"href":"https:\/\/help.cobra.hu\/index.php\/wp-json\/wp\/v2\/media\/2434"}],"wp:attachment":[{"href":"https:\/\/help.cobra.hu\/index.php\/wp-json\/wp\/v2\/media?parent=2433"}],"wp:term":[{"taxonomy":"category","embeddable":true,"href":"https:\/\/help.cobra.hu\/index.php\/wp-json\/wp\/v2\/categories?post=2433"},{"taxonomy":"post_tag","embeddable":true,"href":"https:\/\/help.cobra.hu\/index.php\/wp-json\/wp\/v2\/tags?post=2433"}],"curies":[{"name":"wp","href":"https:\/\/api.w.org\/{rel}","templated":true}]}}