{"id":4336,"date":"2019-04-03T11:59:50","date_gmt":"2019-04-03T11:59:50","guid":{"rendered":"http:\/\/help.cobra.hu\/?p=4336"},"modified":"2024-06-28T08:59:59","modified_gmt":"2024-06-28T08:59:59","slug":"merleg-modul-leiras","status":"publish","type":"post","link":"https:\/\/help.cobra.hu\/index.php\/2019\/04\/03\/merleg-modul-leiras\/","title":{"rendered":"M\u00e9rleg modul le\u00edr\u00e1s"},"content":{"rendered":"<div id=\"toc_container\" class=\"no_bullets\"><p class=\"toc_title\">Tartalomjegyz&eacute;k<\/p><ul class=\"toc_list\"><li><a href=\"#Bevezetes\"><span class=\"toc_number toc_depth_1\">1<\/span> Bevezet\u00e9s<\/a><ul><li><a href=\"#Fogalmak\"><span class=\"toc_number toc_depth_2\">1.1<\/span>  Fogalmak<\/a><\/li><\/ul><\/li><li><a href=\"#Tablazatok_letrehozasa\"><span class=\"toc_number toc_depth_1\">2<\/span> T\u00e1bl\u00e1zatok l\u00e9trehoz\u00e1sa<\/a><\/li><li><a href=\"#Merlegsorok_szerkesztese\"><span class=\"toc_number toc_depth_1\">3<\/span> M\u00e9rlegsorok szerkeszt\u00e9se<\/a><ul><li><a href=\"#Attekinto_ablak\"><span class=\"toc_number toc_depth_2\">3.1<\/span> \u00c1ttekint\u0151 ablak<\/a><\/li><li><a href=\"#Sorok_felvitele_modositasa\"><span class=\"toc_number toc_depth_2\">3.2<\/span> Sorok felvitele, m\u00f3dos\u00edt\u00e1sa<\/a><\/li><li><a href=\"#Terv_es_bazis_ertekek_megadasa\"><span class=\"toc_number toc_depth_2\">3.3<\/span> Terv \u00e9s b\u00e1zis \u00e9rt\u00e9kek megad\u00e1sa<\/a><\/li><li><a href=\"#Szamlaszam_ellenorzes\"><span class=\"toc_number toc_depth_2\">3.4<\/span> Sz\u00e1mlasz\u00e1m ellen\u0151rz\u00e9s<\/a><\/li><li><a href=\"#Torles\"><span class=\"toc_number toc_depth_2\">3.5<\/span> T\u00f6rl\u00e9s<\/a><\/li><\/ul><\/li><li><a href=\"#Tablazat_ertekek_megjelenitese_nyomtatasa\"><span class=\"toc_number toc_depth_1\">4<\/span> T\u00e1bl\u00e1zat \u00e9rt\u00e9kek megjelen\u00edt\u00e9se, nyomtat\u00e1sa<\/a><ul><li><a href=\"#Tablazatos_formaban\"><span class=\"toc_number toc_depth_2\">4.1<\/span> T\u00e1bl\u00e1zatos form\u00e1ban<\/a><\/li><li><a href=\"#Exportalas_Excelbe\"><span class=\"toc_number toc_depth_2\">4.2<\/span> Export\u00e1l\u00e1s Excelbe<\/a><\/li><li><a href=\"#Nyomtatva\"><span class=\"toc_number toc_depth_2\">4.3<\/span> Nyomtatva<\/a><\/li><\/ul><\/li><li><a href=\"#TervTenyBazis_adatok_nyomtatasa\"><span class=\"toc_number toc_depth_1\">5<\/span> Terv\/T\u00e9ny\/B\u00e1zis adatok nyomtat\u00e1sa<\/a><\/li><\/ul><\/div>\n<h4><span id=\"Bevezetes\"><span class=\"fontstyle0\">Bevezet\u00e9s<\/span><\/span><\/h4>\n<p><span class=\"fontstyle1\">A modul szerepe a rendszerben k\u00f6nyvelt adatok forgalm\u00e1b\u00f3l \u2013 ad\u00f3\u00e9ven bel\u00fcl tetsz\u0151leges id\u0151szakra \u2013 a sz\u00e1mviteli\u00a0m\u00e9rleg, eredm\u00e9nykimutat\u00e1s stb. elv\u00e1r\u00e1s\u00e1nak megfelel\u0151 rendezetts\u00e9gben \u00e9s \u00f6sszes\u00edtve inform\u00e1ci\u00f3t szolg\u00e1ltasson.<br \/>\nFenti c\u00e9l el\u00e9r\u00e9s\u00e9hez a modulban \u2013 ad\u00f3\u00e9vhez kapcsol\u00f3d\u00f3an \u2013 t\u00e1bl\u00e1zatok defini\u00e1lhat\u00f3k, \u00e9s minden\u00a0t\u00e1bl\u00e1zathoz tetsz\u0151leges sz\u00e1m\u00fa sor vehet\u0151 fel. Egy t\u00e1bl\u00e1zatban k\u00e9tf\u00e9le sor defini\u00e1lhat\u00f3:<\/span><\/p>\n<ul>\n<li><span class=\"fontstyle1\">sz\u00e1mla\u00f6sszes\u00edt\u0151<\/span><\/li>\n<li><span class=\"fontstyle1\">sor \u00f6sszes\u00edt\u0151<\/span><\/li>\n<\/ul>\n<p><span class=\"fontstyle1\">Egy \u00f6ssze\u00e1ll\u00edtott pl. m\u00e9rleg t\u00e1bl\u00e1zat \u00f6sszef\u00fcgg\u00e9seinek megad\u00e1sa a felhaszn\u00e1l\u00f3 feladata, azonban nagysz\u00e1m\u00fa alkalmazott f\u0151k\u00f6nyvi sz\u00e1mla eset\u00e9n szinte elker\u00fclhetetlen, hogy pl. kimarad valamelyik sz\u00e1mla az \u00f6sszes\u00edt\u00e9sb\u0151l (pl. egy m\u00e9rleg eset\u00e9n ak\u00e1r t\u00f6bb sz\u00e1z sz\u00e1mla is tartozhat az 1-4 sz\u00e1mlaoszt\u00e1lyokba). Egy \u00f6ssze\u00e1ll\u00edt\u00e1s ut\u00e1n, a k\u00e9s\u0151bbiekben is b\u00e1rmikor sz\u00fcks\u00e9g lehet \u00faj sz\u00e1mlasz\u00e1m felv\u00e9tel\u00e9re, ami \u00edgy kimarad a defini\u00e1lt m\u00e9rlegb\u0151l. A program ehhez is ny\u00fajt seg\u00edts\u00e9get az\u00e1ltal, hogy b\u00e1rmikor lek\u00e9rhet\u0151 azon sz\u00e1mlasz\u00e1mok list\u00e1ja, melyek nem ker\u00fcltek r\u00f6gz\u00edt\u00e9sre egy adott t\u00e1bl\u00e1ba.<\/span><\/p>\n<p>T\u00f6bb c\u00e9get kezel\u0151 \u00fcgyfeleink (pl. k\u00f6nyvel\u0151irod\u00e1k) kihaszn\u00e1lhatj\u00e1k, hogy hasonl\u00f3 vagy ugyanolyan sz\u00e1mlarendet haszn\u00e1l\u00f3 c\u00e9geik k\u00f6z\u00f6tt a m\u00e9rleg\/eredm\u00e9ny t\u00e1bl\u00e1k export-importtal egyszer\u0171en \u00e1trakhat\u00f3k.<\/p>\n<h5><span id=\"Fogalmak\"><strong> <span class=\"fontstyle0\">Fogalmak<\/span><\/strong><\/span><\/h5>\n<ul>\n<li><span class=\"fontstyle2\"><strong>T\u00e1bl\u00e1zat<\/strong>: Tetsz\u0151leges sorb\u00f3l, egym\u00e1ssal \u00f6sszef\u00fcgg\u00e9sben \u00e1ll\u00f3 adathalmaz, ahol egy\u00a0sornak pl. egy m\u00e9rleg sora felel meg.<\/span><\/li>\n<li><span class=\"fontstyle2\"><strong>Sz\u00e1mla\u00f6sszes\u00edt\u0151 sor<\/strong>: A t\u00e1bl\u00e1zat azon sorai, melyek egy f\u0151k\u00f6nyvi sz\u00e1mlarend megadott sz\u00e1ml\u00e1i\u00a0forgalm\u00e1nak \u00f6sszes\u00edtett \u00e9rt\u00e9k\u00e9t tartalmazza.<\/span><\/li>\n<li><span class=\"fontstyle2\"><strong>Sor \u00f6sszes\u00edt\u0151 sor<\/strong>: A t\u00e1bl\u00e1zat azon sorai, melyek a t\u00e1bl\u00e1zat egy vagy t\u00f6bb sor\u00e1nak \u00f6sszes\u00edtett\u00a0\u00e9rt\u00e9k\u00e9t tartalmazza<\/span><\/li>\n<\/ul>\n<p>&nbsp;<\/p>\n<h4><span id=\"Tablazatok_letrehozasa\"><span class=\"fontstyle0\">T\u00e1bl\u00e1zatok l\u00e9trehoz\u00e1sa<\/span><\/span><\/h4>\n<p>A <strong>F\u0151men\u00fc \/ M\u00e9rleg \/ Karbantart\u00e1s \/ M\u00e9rleg t\u00e1bl\u00e1zatok<\/strong> men\u00fcpontban r\u00f6gz\u00edthet\u00fcnk \u00faj t\u00e1bl\u00e1zatot:<\/p>\n<p id=\"McHKWga\"><img loading=\"lazy\" class=\" wp-image-8240 aligncenter\" src=\"http:\/\/help.cobra.hu\/wp-content\/uploads\/2024\/06\/img_667c1a25af6e4.png\" alt=\"\" width=\"532\" height=\"287\" srcset=\"https:\/\/help.cobra.hu\/wp-content\/uploads\/2024\/06\/img_667c1a25af6e4.png 730w, https:\/\/help.cobra.hu\/wp-content\/uploads\/2024\/06\/img_667c1a25af6e4-300x162.png 300w, https:\/\/help.cobra.hu\/wp-content\/uploads\/2024\/06\/img_667c1a25af6e4-250x135.png 250w\" sizes=\"(max-width: 532px) 100vw, 532px\" \/><\/p>\n<p>Egy t\u00e1bl\u00e1zatot a neve &#8211; egy ad\u00f3\u00e9ven bel\u00fcl &#8211; egy\u00e9rtelm\u0171en azonos\u00edt. Ebb\u0151l k\u00f6vetkez\u0151en egy ad\u00f3\u00e9vben\u00a0azonos n\u00e9vvel csak egy t\u00e1bl\u00e1zat hozhat\u00f3 l\u00e9tre, de k\u00fcl\u00f6nb\u00f6z\u0151 ad\u00f3\u00e9vekben lehet egy-egy t\u00e1bl\u00e1zatnak\u00a0ugyanaz a neve, mint egy m\u00e1sik ad\u00f3\u00e9vben (azaz minden ad\u00f3\u00e9vben lehet M\u00e9rleg nev\u0171 t\u00e1bl\u00e1zat).\u00a0Amennyiben nemcsak adott id\u0151szakra vonatkoz\u00f3 \u00f6sszes\u00edtett adatokra van sz\u00fcks\u00e9g, hanem\u00a0havi\/negyed\u00e9ves\/f\u00e9l\u00e9ves\/\u00e9ves bont\u00e1sban terv \u00e9s\/vagy b\u00e1zisadatokhoz viszony\u00edtott \u00e9rt\u00e9kek is\u00a0sz\u00fcks\u00e9gesek, akkor a Peri\u00f3dus mez\u0151ben megadhat\u00f3, hogy milyen bont\u00e1sban hozzon\u00a0l\u00e9tre a program adatmez\u0151ket ezen terv- \u00e9s b\u00e1zisadatok megad\u00e1s\u00e1hoz.<\/p>\n<p id=\"LrvfvOA\"><img loading=\"lazy\" class=\" wp-image-8241 aligncenter\" src=\"http:\/\/help.cobra.hu\/wp-content\/uploads\/2024\/06\/img_667c1a8f3a5b3.png\" alt=\"\" width=\"531\" height=\"286\" srcset=\"https:\/\/help.cobra.hu\/wp-content\/uploads\/2024\/06\/img_667c1a8f3a5b3.png 729w, https:\/\/help.cobra.hu\/wp-content\/uploads\/2024\/06\/img_667c1a8f3a5b3-300x162.png 300w, https:\/\/help.cobra.hu\/wp-content\/uploads\/2024\/06\/img_667c1a8f3a5b3-250x135.png 250w\" sizes=\"(max-width: 531px) 100vw, 531px\" \/><\/p>\n<p>A K\u00f6nyvel\u00e9si r\u00e9teg mez\u0151ben megadhat\u00f3, hogy mely r\u00e9tegben szerepl\u0151 sz\u00e1mlasz\u00e1mokat k\u00edv\u00e1njuk haszn\u00e1lni a kimutat\u00e1sban.<\/p>\n<h4><span id=\"Merlegsorok_szerkesztese\">M\u00e9rlegsorok szerkeszt\u00e9se<\/span><\/h4>\n<h5><span id=\"Attekinto_ablak\"><strong>\u00c1ttekint\u0151 ablak<\/strong><\/span><\/h5>\n<p>A <strong>M\u00e9rleg \/ Karbantart\u00e1s \/ M\u00e9rlegsorok szerkeszt\u00e9se<\/strong> men\u00fcpontban lehet felvenni sorokat egy t\u00e1bl\u00e1zathoz, m\u00f3dos\u00edtani egy t\u00e1bl\u00e1zat sorait. A men\u00fcpont hat\u00e1s\u00e1ra megny\u00edl\u00f3 ablak \u2013 a rendszer t\u00f6bbi adatbevitel\u00e9hez hasonl\u00f3an \u2013 egy \u00e1ttekint\u0151 ablak. Az ad\u00f3\u00e9v megad\u00e1sa, \u00e9s az ad\u00f3\u00e9vhez tartoz\u00f3 t\u00e1bl\u00e1zatokb\u00f3l kiv\u00e1lasztva a k\u00edv\u00e1ntat, a [<strong>Friss\u00edt\u00e9s<\/strong>] (F5) gomb seg\u00edts\u00e9g\u00e9vel kijelz\u00e9sre ker\u00fclnek az adott t\u00e1bl\u00e1zat sorai:<\/p>\n<p id=\"MHfOTgD\"><img loading=\"lazy\" width=\"1535\" height=\"918\" class=\"alignnone size-full wp-image-8242 \" src=\"http:\/\/help.cobra.hu\/wp-content\/uploads\/2024\/06\/img_667c2d1478f5a.png\" alt=\"\" srcset=\"https:\/\/help.cobra.hu\/wp-content\/uploads\/2024\/06\/img_667c2d1478f5a.png 1535w, https:\/\/help.cobra.hu\/wp-content\/uploads\/2024\/06\/img_667c2d1478f5a-300x179.png 300w, https:\/\/help.cobra.hu\/wp-content\/uploads\/2024\/06\/img_667c2d1478f5a-1024x612.png 1024w, https:\/\/help.cobra.hu\/wp-content\/uploads\/2024\/06\/img_667c2d1478f5a-768x459.png 768w, https:\/\/help.cobra.hu\/wp-content\/uploads\/2024\/06\/img_667c2d1478f5a-250x150.png 250w\" sizes=\"(max-width: 1535px) 100vw, 1535px\" \/><\/p>\n<p>Az ablakon a bal fels\u0151 sarokban t\u00f6bb kapcsol\u00f3 tal\u00e1lhat\u00f3:<\/p>\n<ul>\n<li><strong>Hierarchikus<\/strong>: hat\u00e1s\u00e1ra nem egy szinten, sorsz\u00e1m szerint rendezve jelennek meg a sorok, hanem ahogyan azok az egyes sor\u00f6sszes\u00edt\u0151 sorok al\u00e1 hierarchikusan be\u00e9p\u00fclnek. Ez\u00e1ltal k\u00f6nnyen \u00e1ttekinthetj\u00fck a t\u00e1bl\u00e1zat gyermek &#8211; sz\u00fcl\u0151 kapcsolatait:\n<p id=\"TEMXhjP\"><img loading=\"lazy\" width=\"1535\" height=\"918\" class=\"alignnone size-full wp-image-8243 \" src=\"http:\/\/help.cobra.hu\/wp-content\/uploads\/2024\/06\/img_667c2e0d99393.png\" alt=\"\" srcset=\"https:\/\/help.cobra.hu\/wp-content\/uploads\/2024\/06\/img_667c2e0d99393.png 1535w, https:\/\/help.cobra.hu\/wp-content\/uploads\/2024\/06\/img_667c2e0d99393-300x179.png 300w, https:\/\/help.cobra.hu\/wp-content\/uploads\/2024\/06\/img_667c2e0d99393-1024x612.png 1024w, https:\/\/help.cobra.hu\/wp-content\/uploads\/2024\/06\/img_667c2e0d99393-768x459.png 768w, https:\/\/help.cobra.hu\/wp-content\/uploads\/2024\/06\/img_667c2e0d99393-250x150.png 250w\" sizes=\"(max-width: 1535px) 100vw, 1535px\" \/><\/p>\n<\/li>\n<li><strong>Sz\u00e1mlasz\u00e1mokkal<\/strong>: hat\u00e1s\u00e1ra a sz\u00e1mlasz\u00e1m \u00f6sszes\u00edt\u0151 sorok al\u00e1 felvett sz\u00e1mlasz\u00e1mok is l\u00e1that\u00f3v\u00e1 v\u00e1lnak:\n<p id=\"eauMTlt\"><img loading=\"lazy\" width=\"1535\" height=\"918\" class=\"alignnone size-full wp-image-8244 \" src=\"http:\/\/help.cobra.hu\/wp-content\/uploads\/2024\/06\/img_667c2eb44b5e0.png\" alt=\"\" srcset=\"https:\/\/help.cobra.hu\/wp-content\/uploads\/2024\/06\/img_667c2eb44b5e0.png 1535w, https:\/\/help.cobra.hu\/wp-content\/uploads\/2024\/06\/img_667c2eb44b5e0-300x179.png 300w, https:\/\/help.cobra.hu\/wp-content\/uploads\/2024\/06\/img_667c2eb44b5e0-1024x612.png 1024w, https:\/\/help.cobra.hu\/wp-content\/uploads\/2024\/06\/img_667c2eb44b5e0-768x459.png 768w, https:\/\/help.cobra.hu\/wp-content\/uploads\/2024\/06\/img_667c2eb44b5e0-250x150.png 250w\" sizes=\"(max-width: 1535px) 100vw, 1535px\" \/><\/p>\n<\/li>\n<li><strong>Alsz\u00e1mlasz\u00e1mokkal<\/strong>: hat\u00e1s\u00e1ra az egyes sz\u00e1mlasz\u00e1m \u00f6sszes\u00edt\u0151 sorok al\u00e1 felvett, alsz\u00e1ml\u00e1kkal rendelkez\u0151 sz\u00e1ml\u00e1k eset\u00e9n az alsz\u00e1ml\u00e1k is l\u00e1that\u00f3v\u00e1 v\u00e1lnak. P\u00e9ld\u00e1nkban a sz\u00e1mlasz\u00e1m \u00f6sszes\u00edt\u0151be a 26-os sz\u00e1ml\u00e1k nem egyenk\u00e9nt vannak felsorolva, hanem az\u00e1ltal, hogy a 26-os sz\u00e1mla alsz\u00e1ml\u00e1i (m\u00e1sn\u00e9ven gyermeksz\u00e1ml\u00e1i) is felgy\u0171jt\u00e9sre vannak jel\u00f6lve:<br \/>\n<img loading=\"lazy\" width=\"574\" height=\"575\" class=\"size-full wp-image-8246 aligncenter\" src=\"http:\/\/help.cobra.hu\/wp-content\/uploads\/2024\/06\/img_667c302ff1deb.png\" alt=\"\" srcset=\"https:\/\/help.cobra.hu\/wp-content\/uploads\/2024\/06\/img_667c302ff1deb.png 574w, https:\/\/help.cobra.hu\/wp-content\/uploads\/2024\/06\/img_667c302ff1deb-300x300.png 300w, https:\/\/help.cobra.hu\/wp-content\/uploads\/2024\/06\/img_667c302ff1deb-150x150.png 150w, https:\/\/help.cobra.hu\/wp-content\/uploads\/2024\/06\/img_667c302ff1deb-250x250.png 250w\" sizes=\"(max-width: 574px) 100vw, 574px\" \/>Teh\u00e1t amennyiben alsz\u00e1ml\u00e1kkal k\u00e9rj\u00fck a megjelen\u00edt\u00e9st a 26-os al\u00e1 tartoz\u00f3 sz\u00e1ml\u00e1kat is l\u00e1thatjuk:<\/p>\n<p id=\"HHjvLct\"><img loading=\"lazy\" width=\"1228\" height=\"734\" class=\"size-full wp-image-8247 aligncenter\" src=\"http:\/\/help.cobra.hu\/wp-content\/uploads\/2024\/06\/img_667c32e7d03c2.png\" alt=\"\" srcset=\"https:\/\/help.cobra.hu\/wp-content\/uploads\/2024\/06\/img_667c32e7d03c2.png 1228w, https:\/\/help.cobra.hu\/wp-content\/uploads\/2024\/06\/img_667c32e7d03c2-300x179.png 300w, https:\/\/help.cobra.hu\/wp-content\/uploads\/2024\/06\/img_667c32e7d03c2-1024x612.png 1024w, https:\/\/help.cobra.hu\/wp-content\/uploads\/2024\/06\/img_667c32e7d03c2-768x459.png 768w, https:\/\/help.cobra.hu\/wp-content\/uploads\/2024\/06\/img_667c32e7d03c2-250x149.png 250w\" sizes=\"(max-width: 1228px) 100vw, 1228px\" \/><\/p>\n<\/li>\n<\/ul>\n<h5><span id=\"Sorok_felvitele_modositasa\"><strong>Sorok felvitele, m\u00f3dos\u00edt\u00e1sa<\/strong><\/span><\/h5>\n<p>Az \u00e1ttekint\u0151 ablak [<strong>\u00daj adat<\/strong>] gombj\u00e1val ind\u00edthatunk \u00faj t\u00e1bl\u00e1zat sor r\u00f6gz\u00edt\u00e9st. \u00daj sor l\u00e9trehoz\u00e1sakor az aktu\u00e1lisan kijel\u00f6lt sor <strong>ut\u00e1n<\/strong> ker\u00fcl besz\u00far\u00e1sa az \u00faj sor, az\u00e1ltal az aktu\u00e1lisan kijel\u00f6lt sor sorsz\u00e1m\u00e1n\u00e1l egyel nagyobbat kapva, a t\u00f6bbit pedig eltolva. R\u00f6gz\u00edt\u00e9s ut\u00e1n pedig term\u00e9szetesen besorolhatjuk az \u00faj sort egy sor\u00f6sszes\u00edt\u0151 sor al\u00e1:<\/p>\n<div style=\"width: 780px;\" class=\"wp-video\"><!--[if lt IE 9]><script>document.createElement('video');<\/script><![endif]-->\n<video class=\"wp-video-shortcode\" id=\"video-4336-1\" width=\"780\" height=\"464\" preload=\"metadata\" controls=\"controls\"><source type=\"video\/mp4\" src=\"http:\/\/help.cobra.hu\/wp-content\/uploads\/2019\/04\/newItem.mp4?_=1\" \/><a href=\"http:\/\/help.cobra.hu\/wp-content\/uploads\/2019\/04\/newItem.mp4\">http:\/\/help.cobra.hu\/wp-content\/uploads\/2019\/04\/newItem.mp4<\/a><\/video><\/div>\n<p>Egy sor k\u00e9tf\u00e9le lehet:<\/p>\n<ol>\n<li><strong>sz\u00e1mlasz\u00e1m \u00f6sszes\u00edt\u0151<\/strong>: f\u0151k\u00f6nyvi sz\u00e1mlasz\u00e1mok egyenleg\u00e9nek \u00f6sszes\u00edt\u00e9s\u00e9re, az \u00e9rt\u00e9k megjelen\u00edt\u00e9si m\u00f3dt\u00f3l \u00e9s az oldal jelleg\u00e9t\u0151l f\u00fcgg\u0151en \u00f6sszes\u00edti a besorolt sz\u00e1mlasz\u00e1mok egyenleg\u00e9t.\n<p id=\"UlurvWJ\"><img loading=\"lazy\" width=\"574\" height=\"575\" class=\"size-full wp-image-8252 aligncenter\" src=\"http:\/\/help.cobra.hu\/wp-content\/uploads\/2024\/06\/img_667c356e6e680.png\" alt=\"\" srcset=\"https:\/\/help.cobra.hu\/wp-content\/uploads\/2024\/06\/img_667c356e6e680.png 574w, https:\/\/help.cobra.hu\/wp-content\/uploads\/2024\/06\/img_667c356e6e680-300x300.png 300w, https:\/\/help.cobra.hu\/wp-content\/uploads\/2024\/06\/img_667c356e6e680-150x150.png 150w, https:\/\/help.cobra.hu\/wp-content\/uploads\/2024\/06\/img_667c356e6e680-250x250.png 250w\" sizes=\"(max-width: 574px) 100vw, 574px\" \/><\/p>\n<p>Tegy\u00fck fel, hogy az al\u00e1bbi\u00a0Elsz\u00e1mol\u00e1si bet\u00e9tsz\u00e1ml\u00e1kon van egyenleg, az al\u00e1bbi m\u00f3don:<\/p>\n<p id=\"NlbXeOW\"><img loading=\"lazy\" width=\"965\" height=\"316\" class=\"size-full wp-image-8253 aligncenter\" src=\"http:\/\/help.cobra.hu\/wp-content\/uploads\/2024\/06\/img_667c365bacba8.png\" alt=\"\" srcset=\"https:\/\/help.cobra.hu\/wp-content\/uploads\/2024\/06\/img_667c365bacba8.png 965w, https:\/\/help.cobra.hu\/wp-content\/uploads\/2024\/06\/img_667c365bacba8-300x98.png 300w, https:\/\/help.cobra.hu\/wp-content\/uploads\/2024\/06\/img_667c365bacba8-768x251.png 768w, https:\/\/help.cobra.hu\/wp-content\/uploads\/2024\/06\/img_667c365bacba8-250x82.png 250w\" sizes=\"(max-width: 965px) 100vw, 965px\" \/><\/p>\n<p>Hozzunk l\u00e9tre ezekkel a sz\u00e1ml\u00e1kkal egy m\u00e9rlegt\u00e1bl\u00e1ban egy sz\u00e1mla\u00f6sszes\u00edt\u0151 sor, legyen\u00a0a neve &#8220;2. Bankbet\u00e9tek (384,&#8230;..389)&#8221;.<\/p>\n<p>A sz\u00e1mlasz\u00e1m \u00f6sszes\u00edt\u0151 sorhoz megadhat\u00f3<strong> \u00c9rt\u00e9k megjelen\u00edt\u00e9si m\u00f3d<\/strong>k\u00e9nt a <strong>mindig<\/strong>, a <strong>ha pozit\u00edv<\/strong> az egyenleg \u00e9s a <strong>ha negat\u00edv<\/strong> az egyenleg.\u00a0Ezzel lehet el\u00e9rni, hogy \u00f6sszes\u00edtett \u00e9rt\u00e9k &#8211; pl. m\u00e9rleg eset\u00e9n &#8211; a forr\u00e1sok k\u00f6z\u00f6tt vagy az eszk\u00f6z oldalon jelenjen\u00a0meg. (Ekkor term\u00e9szetesen mink\u00e9t oldalhoz defini\u00e1lni kell az adott sort, \u00e9s \u00edgy az el\u0151jelt\u0151l f\u00fcgg\u0151en csak az\u00a0egyik oldalon lehet \u00e9rt\u00e9ke.)<\/p>\n<p><strong>Oldal jellege<\/strong>k\u00e9nt v\u00e1laszthat\u00f3 <strong>tartozik<\/strong> vagy <strong>k\u00f6vetel<\/strong>. (Az Oldal jellege mez\u0151ben adhat\u00f3 meg teh\u00e1t, hogy az \u00f6sszes\u00edtett \u00e9rt\u00e9k el\u0151jel\u00e9t a program megford\u00edtsa-e\u00a0vagy sem. A t\u00e1bl\u00e1zatban az \u00e9rt\u00e9keket pozit\u00edv sz\u00e1monk\u00e9nt akarjuk l\u00e1tni (f\u00fcggetlen\u00fcl att\u00f3l, hogy\u00a0tartozik vagy k\u00f6vetel oldali sz\u00e1ml\u00e1kat \u00f6sszes\u00edtett\u00fcnk). A mez\u0151ben k\u00f6vetel-t v\u00e1lasztva (azaz k\u00f6vetel\u00a0oldali sz\u00e1ml\u00e1kat \u00f6sszes\u00edt\u00fcnk: pl. sz\u00e1ll\u00edt\u00f3k) az \u00f6sszes\u00edt\u00e9s eredm\u00e9ny\u00e9t a program megszorozza m\u00ednusz\u00a0eggyel.)<\/p>\n<p>\u00cdgy hat v\u00e1ltozat \u00e1ll\u00edthat\u00f3 be, \u00e9s mind a hat esetben m\u00e1st eredm\u00e9nyez a sz\u00e1ml\u00e1kr\u00f3l t\u00f6rt\u00e9n\u0151 kigy\u0171jt\u00e9s:<\/p>\n<p id=\"vRRslMC\"><img loading=\"lazy\" width=\"729\" height=\"174\" class=\"size-full wp-image-8254 aligncenter\" src=\"http:\/\/help.cobra.hu\/wp-content\/uploads\/2024\/06\/img_667c3729bc6bd.png\" alt=\"\" srcset=\"https:\/\/help.cobra.hu\/wp-content\/uploads\/2024\/06\/img_667c3729bc6bd.png 729w, https:\/\/help.cobra.hu\/wp-content\/uploads\/2024\/06\/img_667c3729bc6bd-300x72.png 300w, https:\/\/help.cobra.hu\/wp-content\/uploads\/2024\/06\/img_667c3729bc6bd-250x60.png 250w\" sizes=\"(max-width: 729px) 100vw, 729px\" \/><\/p>\n<p>A kigy\u0171jt\u00e9st egy sor\u00f6sszes\u00edt\u0151ben felhaszn\u00e1lva teh\u00e1t\u00a0befoly\u00e1solhat\u00f3 a kigy\u0171jt\u00f6tt \u00f6sszeg olyan m\u00f3don, hogy megadhatjuk az \u00c9rt\u00e9k megjelen\u00edt\u00e9si m\u00f3dn\u00e1l, hogy az \u00f6sszes (mindig) vagy csak a pozit\u00edv (ha pozit\u00edv egyenleg) vagy csak a negat\u00edv (ha negat\u00edv egyenleg) egyenleg\u0171 sz\u00e1ml\u00e1kat vegye figyelembe\u00a0\u00e9s az \u00edgy kapott eredm\u00e9nyt az Oldal jellege be\u00e1ll\u00edt\u00e1st\u00f3l f\u00fcgg\u0151en v\u00e1ltozatlanul hagyja (tartozik)\u00a0 vagy negat\u00edv el\u0151jellel (k\u00f6vetel) jelen\u00edtse meg annak megfelel\u0151en, hogyan sz\u00fcks\u00e9ges a kigy\u0171jt\u00f6tt \u00f6sszeg be\u00e9p\u00edt\u00e9se egy magasabb fokozatba.<\/p>\n<p>Az \u00f6sszes\u00edtend\u0151 sz\u00e1mlasz\u00e1mokat megadhatjuk k\u00e9zzel felsorolva, vagy a sz\u00e1mlasz\u00e1mok hierarchi\u00e1j\u00e1t kihaszn\u00e1lva megadhatunk egy &#8220;gy\u0171jt\u0151sz\u00e1ml\u00e1t&#8221; \u00e9s bejel\u00f6lhetj\u00fck az <strong>&#8220;A&#8221; oszlop<\/strong>ban, hogy <strong>alsz\u00e1ml\u00e1kkal egy\u00fctt<\/strong>. A m\u00e1sodik v\u00e1ltozat eset\u00e9n a &#8220;gy\u0171jt\u0151sz\u00e1mla&#8221; al\u00e1 felvett \u00faj sz\u00e1mlasz\u00e1m felv\u00e9telekor nem sz\u00fcks\u00e9ges a t\u00e1bl\u00e1kat m\u00f3dos\u00edtani. P\u00e9ld\u00e1nkban a 26 gyermeksz\u00e1ml\u00e1it gy\u0171jtj\u00fck \u00f6ssze:<\/p>\n<p id=\"aNbZqJG\"><img loading=\"lazy\" width=\"1351\" height=\"617\" class=\"alignnone size-full wp-image-8255 \" src=\"http:\/\/help.cobra.hu\/wp-content\/uploads\/2024\/06\/img_667c3979a0015.png\" alt=\"\" srcset=\"https:\/\/help.cobra.hu\/wp-content\/uploads\/2024\/06\/img_667c3979a0015.png 1351w, https:\/\/help.cobra.hu\/wp-content\/uploads\/2024\/06\/img_667c3979a0015-300x137.png 300w, https:\/\/help.cobra.hu\/wp-content\/uploads\/2024\/06\/img_667c3979a0015-1024x468.png 1024w, https:\/\/help.cobra.hu\/wp-content\/uploads\/2024\/06\/img_667c3979a0015-768x351.png 768w, https:\/\/help.cobra.hu\/wp-content\/uploads\/2024\/06\/img_667c3979a0015-250x114.png 250w\" sizes=\"(max-width: 1351px) 100vw, 1351px\" \/><\/p>\n<p>A felsorolni k\u00edv\u00e1nt sz\u00e1mlasz\u00e1mokat az <strong>\u00d6ssze\u00e1ll\u00edt\u00e1s<\/strong> gombra kattintva megny\u00edl\u00f3 ablakban is lehet megadni:<\/p>\n<p id=\"MpewHQQ\"><img loading=\"lazy\" width=\"724\" height=\"687\" class=\"size-full wp-image-8256 aligncenter\" src=\"http:\/\/help.cobra.hu\/wp-content\/uploads\/2024\/06\/img_667c3a12833d3.png\" alt=\"\" srcset=\"https:\/\/help.cobra.hu\/wp-content\/uploads\/2024\/06\/img_667c3a12833d3.png 724w, https:\/\/help.cobra.hu\/wp-content\/uploads\/2024\/06\/img_667c3a12833d3-300x285.png 300w, https:\/\/help.cobra.hu\/wp-content\/uploads\/2024\/06\/img_667c3a12833d3-250x237.png 250w\" sizes=\"(max-width: 724px) 100vw, 724px\" \/><\/p>\n<p id=\"kYeEKRm\">Az ablakban sz\u00e1mlasz\u00e1m tartom\u00e1nyra lesz\u0171rve list\u00e1zhat\u00f3k ki a sz\u00e1mlasz\u00e1mok (\u00fcresen hagyva a tartom\u00e1ny mez\u0151it, az \u00f6sszes sz\u00e1mla list\u00e1z\u00e1sra ker\u00fcl). A k\u00edv\u00e1nt sz\u00e1mlasz\u00e1mok a rendszerben szok\u00e1sos m\u00f3don v\u00e1laszthat\u00f3k ki.<\/p>\n<\/li>\n<li><strong>sor \u00f6sszes\u00edt\u0151<\/strong>: sz\u00e1mlasz\u00e1m vagy tov\u00e1bbi sor \u00f6sszes\u00edt\u0151 sorok \u00f6sszes\u00edt\u00e9s\u00e9re szolg\u00e1l, az \u00e9rt\u00e9k megjelen\u00edt\u00e9si m\u00f3d \u00e9s az oldal jellege irrelev\u00e1ns adat, ez\u00e9rt inakt\u00edv.\n<p id=\"huwwuGn\"><img loading=\"lazy\" width=\"574\" height=\"575\" class=\"size-full wp-image-8257 aligncenter\" src=\"http:\/\/help.cobra.hu\/wp-content\/uploads\/2024\/06\/img_667c3a83e6360.png\" alt=\"\" srcset=\"https:\/\/help.cobra.hu\/wp-content\/uploads\/2024\/06\/img_667c3a83e6360.png 574w, https:\/\/help.cobra.hu\/wp-content\/uploads\/2024\/06\/img_667c3a83e6360-300x300.png 300w, https:\/\/help.cobra.hu\/wp-content\/uploads\/2024\/06\/img_667c3a83e6360-150x150.png 150w, https:\/\/help.cobra.hu\/wp-content\/uploads\/2024\/06\/img_667c3a83e6360-250x250.png 250w\" sizes=\"(max-width: 574px) 100vw, 574px\" \/><\/p>\n<\/li>\n<\/ol>\n<p>A sorok megad\u00e1sa mellett a &#8220;+\/-&#8221; oszlopban adhat\u00f3 meg, hogy a sor \u00f6sszes\u00edt\u0151 \u00e9rt\u00e9k\u00e9nek kisz\u00e1m\u00edt\u00e1sakor az adott sort pozit\u00edv vagy negat\u00edv \u00e9rt\u00e9kkel vegye figyelembe a program.<\/p>\n<h5><span id=\"Terv_es_bazis_ertekek_megadasa\"><strong>Terv \u00e9s b\u00e1zis \u00e9rt\u00e9kek megad\u00e1sa<\/strong><\/span><\/h5>\n<p>Ak\u00e1r sor \u00f6sszes\u00edt\u0151, ak\u00e1r sz\u00e1mlasz\u00e1m \u00f6sszes\u00edt\u0151 sorr\u00f3l besz\u00e9l\u00fcnk az \u0151ket mag\u00e1ba foglal\u00f3 t\u00e1bla Peri\u00f3dus adata (nincs \/ \u00e9v \/ f\u00e9l\u00e9v \/ negyed\u00e9v \/ h\u00f3nap) alapj\u00e1n r\u00f6gz\u00edthet\u0151ek a sorokhoz Min. \u00e9s Max. terv \u00e9rt\u00e9k, Terv \u00e9rt\u00e9k \u00e9s B\u00e1zis \u00e9rt\u00e9k. P\u00e9ld\u00e1ul egy havi peri\u00f3dusra \u00e1ll\u00edtott t\u00e1bl\u00e1zat eset\u00e9n:<\/p>\n<p id=\"pjKxRyL\"><img loading=\"lazy\" width=\"524\" height=\"583\" class=\"size-full wp-image-4348 aligncenter\" src=\"http:\/\/help.cobra.hu\/wp-content\/uploads\/2019\/04\/img_5ca49a93a9d11.png\" alt=\"\" srcset=\"https:\/\/help.cobra.hu\/wp-content\/uploads\/2019\/04\/img_5ca49a93a9d11.png 524w, https:\/\/help.cobra.hu\/wp-content\/uploads\/2019\/04\/img_5ca49a93a9d11-270x300.png 270w, https:\/\/help.cobra.hu\/wp-content\/uploads\/2019\/04\/img_5ca49a93a9d11-225x250.png 225w\" sizes=\"(max-width: 524px) 100vw, 524px\" \/><\/p>\n<h5><span id=\"Szamlaszam_ellenorzes\"><strong>Sz\u00e1mlasz\u00e1m ellen\u0151rz\u00e9s<\/strong><\/span><\/h5>\n<p>A\u00a0<strong>F\u0151men\u00fc \/ M\u00e9rleg \/ Sz\u00e1mlasz\u00e1m ellen\u0151rz\u00e9s<\/strong> men\u00fcpontb\u00f3l ny\u00edl\u00f3 ablakban a megadott t\u00e1bl\u00e1zathoz kapcsol\u00f3d\u00f3an kilist\u00e1zhat\u00f3 azok a f\u0151k\u00f6nyvi sz\u00e1mlasz\u00e1mok melyek a t\u00e1bl\u00e1zat egyik sor\u00e1ban sem ker\u00fclt kiv\u00e1laszt\u00e1sra. Az ablak nemcsak a men\u00fcb\u0151l, hanem a M\u00e9rlegsor szerkeszt\u00e9s \u00e1ttekint\u0151ablakb\u00f3l is megnyithat\u00f3 az [<strong>Ellen\u0151rz\u00e9s<\/strong>] gombra kattintva:<\/p>\n<p id=\"jKFBkYa\"><img loading=\"lazy\" width=\"941\" height=\"963\" class=\"size-full wp-image-8264  aligncenter\" src=\"http:\/\/help.cobra.hu\/wp-content\/uploads\/2024\/06\/img_667d7111c36e6.png\" alt=\"\" srcset=\"https:\/\/help.cobra.hu\/wp-content\/uploads\/2024\/06\/img_667d7111c36e6.png 941w, https:\/\/help.cobra.hu\/wp-content\/uploads\/2024\/06\/img_667d7111c36e6-293x300.png 293w, https:\/\/help.cobra.hu\/wp-content\/uploads\/2024\/06\/img_667d7111c36e6-768x786.png 768w, https:\/\/help.cobra.hu\/wp-content\/uploads\/2024\/06\/img_667d7111c36e6-244x250.png 244w\" sizes=\"(max-width: 941px) 100vw, 941px\" \/><\/p>\n<p>&nbsp;<\/p>\n<h5><span id=\"Torles\"><strong>T\u00f6rl\u00e9s<\/strong><\/span><\/h5>\n<p>Sz\u00e1mlasz\u00e1m \u00f6sszes\u00edt\u0151 t\u00f6rl\u00e9se eset\u00e9n egyszer\u0171en t\u00f6rl\u0151dik a sor minden sz\u00e1ml\u00e1j\u00e1val \u00e9s alsz\u00e1ml\u00e1j\u00e1val:<\/p>\n<div style=\"width: 780px;\" class=\"wp-video\"><video class=\"wp-video-shortcode\" id=\"video-4336-2\" width=\"780\" height=\"464\" preload=\"metadata\" controls=\"controls\"><source type=\"video\/mp4\" src=\"http:\/\/help.cobra.hu\/wp-content\/uploads\/2019\/04\/delete1.mp4?_=2\" \/><a href=\"http:\/\/help.cobra.hu\/wp-content\/uploads\/2019\/04\/delete1.mp4\">http:\/\/help.cobra.hu\/wp-content\/uploads\/2019\/04\/delete1.mp4<\/a><\/video><\/div>\n<p>&nbsp;<\/p>\n<p>Sor\u00f6sszes\u00edt\u0151 t\u00f6rl\u00e9se eset\u00e9n az al\u00e1rendelt sorok a t\u00e1bl\u00e1zat gy\u00f6ker\u00e9be ker\u00fclnek:<\/p>\n<div style=\"width: 780px;\" class=\"wp-video\"><video class=\"wp-video-shortcode\" id=\"video-4336-3\" width=\"780\" height=\"464\" preload=\"metadata\" controls=\"controls\"><source type=\"video\/mp4\" src=\"http:\/\/help.cobra.hu\/wp-content\/uploads\/2019\/04\/delete2.mp4?_=3\" \/><a href=\"http:\/\/help.cobra.hu\/wp-content\/uploads\/2019\/04\/delete2.mp4\">http:\/\/help.cobra.hu\/wp-content\/uploads\/2019\/04\/delete2.mp4<\/a><\/video><\/div>\n<p>&nbsp;<\/p>\n<h4><span id=\"Tablazat_ertekek_megjelenitese_nyomtatasa\">T\u00e1bl\u00e1zat \u00e9rt\u00e9kek megjelen\u00edt\u00e9se, nyomtat\u00e1sa<\/span><\/h4>\n<p>A\u00a0<strong>F\u0151men\u00fc \/ M\u00e9rleg \/ M\u00e9rleg t\u00e1bl\u00e1zat <\/strong>men\u00fcpontb\u00f3l indulva els\u0151sorban t\u00e1bl\u00e1zatos form\u00e1ban, de nyomtat\u00e1sra is lek\u00e9rhetj\u00fck a m\u00e9rleg t\u00e1bl\u00e1zatok \u00e9rt\u00e9keit.<\/p>\n<p id=\"boboxwz\">A lek\u00e9r\u00e9s el\u0151tti sz\u0171r\u0151mez\u0151k az ablak alj\u00e1n tal\u00e1lhat\u00f3k:<\/p>\n<p id=\"vQDDdho\"><img loading=\"lazy\" width=\"1035\" height=\"92\" class=\"size-full wp-image-8299 aligncenter\" src=\"http:\/\/help.cobra.hu\/wp-content\/uploads\/2024\/06\/img_667e769c19bcd.png\" alt=\"\" srcset=\"https:\/\/help.cobra.hu\/wp-content\/uploads\/2024\/06\/img_667e769c19bcd.png 1035w, https:\/\/help.cobra.hu\/wp-content\/uploads\/2024\/06\/img_667e769c19bcd-300x27.png 300w, https:\/\/help.cobra.hu\/wp-content\/uploads\/2024\/06\/img_667e769c19bcd-1024x91.png 1024w, https:\/\/help.cobra.hu\/wp-content\/uploads\/2024\/06\/img_667e769c19bcd-768x68.png 768w, https:\/\/help.cobra.hu\/wp-content\/uploads\/2024\/06\/img_667e769c19bcd-250x22.png 250w\" sizes=\"(max-width: 1035px) 100vw, 1035px\" \/><\/p>\n<ul>\n<li><strong>Ad\u00f3\u00e9v<\/strong>: az ad\u00f3\u00e9v, melyb\u0151l az adatokat gy\u0171jtj\u00fck<\/li>\n<li><strong>Id\u0151szak<\/strong>: kigy\u0171jtend\u0151 f\u0151k\u00f6nyvi t\u00e9telek t\u00f3l-ig k\u00f6nyvel\u00e9si d\u00e1tuma<\/li>\n<li><strong>T\u00e1bl\u00e1zat<\/strong>: mely m\u00e9rleg t\u00e1bl\u00e1zatot k\u00edv\u00e1njuk megjelen\u00edteni<\/li>\n<li><strong>Nyelv<\/strong>: a f\u0151k\u00f6nyvi sz\u00e1mlasz\u00e1mok mely nyelven jelenjenek meg (a f\u0151k\u00f6nyvi sz\u00e1mlasz\u00e1mok megjelen\u00edt\u00e9se opcion\u00e1lis, de hasznos, ha r\u00e9szleteiben akarjuk l\u00e1tni, hogy mib\u0151l j\u00f6tt \u00f6ssze egy-egy sz\u00e1mlasz\u00e1m \u00f6sszes\u00edt\u0151 sor egyenleg)<\/li>\n<li><strong>El\u0151z\u0151 \u00e9vi m\u00e9rlegsorok<\/strong>: opcion\u00e1lis, akkor adjuk meg, ha a kiv\u00e1lasztott ad\u00f3\u00e9v \u00e9s t\u00e1bl\u00e1zat alapj\u00e1n a megel\u0151z\u0151 ad\u00f3\u00e9v t\u00e1bl\u00e1zata alapj\u00e1n is ki szeretn\u00e9nk gy\u0171jteni az \u00e9rt\u00e9keket, az\u00e1ltal \u00f6sszehasonl\u00edtva a k\u00e9t ad\u00f3\u00e9v sorainak \u00e9rt\u00e9keit. Figyelem! A m\u00e9rleg t\u00e1bl\u00e1zatok \u00e9s sorai \u00e9vnyit\u00e1s \u00fatj\u00e1n j\u00f6nnek l\u00e9tre \u00e9s ezen \u0151s &#8211; lesz\u00e1rmazott kapcsolat \u00fatj\u00e1n ker\u00fcl meg\u00e1llap\u00edt\u00e1sra, hogy az el\u0151z\u0151 \u00e9vben az adott sornak melyik az \u0151se. Az \u0151s (teh\u00e1t el\u0151z\u0151 \u00e9vi) sor adatai az el\u0151z\u0151 \u00e9vi sor param\u00e9terez\u00e9se alapj\u00e1n ker\u00fclnek kigy\u0171jt\u00e9sre, ez\u00e1ltal biztos\u00edtva, hogy el\u0151z\u0151 \u00e9vi adatk\u00e9nt az ker\u00fcl megjelen\u00edt\u00e9sre, ami akkor is megjelenne, ha azt az ad\u00f3\u00e9vet \u00e9s t\u00e1bl\u00e1zatot k\u00fcl\u00f6n lek\u00e9rn\u00e9nk.<br \/>\nAz El\u0151z\u0151 \u00e9vi m\u00e9rlegsorok opci\u00f3t bekapcsolva nem lehets\u00e9ges a sz\u00e1mlasz\u00e1m \/ alsz\u00e1mlasz\u00e1m szint\u0171 megjelen\u00edt\u00e9s.<\/li>\n<\/ul>\n<p>&nbsp;<\/p>\n<h5><span id=\"Tablazatos_formaban\"><strong>T\u00e1bl\u00e1zatos form\u00e1ban<\/strong><\/span><\/h5>\n<p>A sz\u0171r\u0151ket kit\u00f6ltve a [<strong>Friss\u00edt\u00e9s<\/strong>] gomb megnyom\u00e1s\u00e1ra az adatokat \u00f6sszegy\u0171jti a rendszer \u00e9s megjelen\u00edti a t\u00e1bl\u00e1zat felett tal\u00e1lhat\u00f3 param\u00e9tereknek megfelel\u0151en:<\/p>\n<p id=\"pYTWnYf\"><img loading=\"lazy\" width=\"771\" height=\"35\" class=\"size-full wp-image-8266 aligncenter\" src=\"http:\/\/help.cobra.hu\/wp-content\/uploads\/2024\/06\/img_667d75ad2bd31.png\" alt=\"\" srcset=\"https:\/\/help.cobra.hu\/wp-content\/uploads\/2024\/06\/img_667d75ad2bd31.png 771w, https:\/\/help.cobra.hu\/wp-content\/uploads\/2024\/06\/img_667d75ad2bd31-300x14.png 300w, https:\/\/help.cobra.hu\/wp-content\/uploads\/2024\/06\/img_667d75ad2bd31-768x35.png 768w, https:\/\/help.cobra.hu\/wp-content\/uploads\/2024\/06\/img_667d75ad2bd31-250x11.png 250w\" sizes=\"(max-width: 771px) 100vw, 771px\" \/><\/p>\n<ul>\n<li><strong>Hierarchikus<\/strong>: hat\u00e1s\u00e1ra nem egy szinten, sorsz\u00e1m szerint rendezve jelennek meg a sorok, hanem ahogyan azok az egyes sor\u00f6sszes\u00edt\u0151 sorok al\u00e1 hierarchikusan be\u00e9p\u00fclnek. Ez\u00e1ltal k\u00f6nnyen \u00e1ttekinthetj\u00fck a t\u00e1bl\u00e1zat gyermek &#8211; sz\u00fcl\u0151 kapcsolatait. P\u00e9ld\u00e1nkban az <strong>ESZK\u00d6Z\u00d6K \u00d6SSZESEN<\/strong> sor al\u00e1 vannak a rendelve (azokat \u00f6sszes\u00edti) a <strong>A. BEFEKTETETT ESZK\u00d6Z\u00d6K (2+10+18)<\/strong>, mely \u00f6sszes\u00edti az<strong> I. Immateri\u00e1lis javak (3+&#8230; &#8230;+9),<\/strong> a <strong>II.T\u00e1rgyieszk\u00f6z\u00f6k (11+ .. ..+17),<\/strong> stb sorokat:\n<p id=\"NJBwntp\"><img loading=\"lazy\" class=\"wp-image-8300 aligncenter\" src=\"http:\/\/help.cobra.hu\/wp-content\/uploads\/2024\/06\/img_667e76df3be1d.png\" alt=\"\" width=\"727\" height=\"767\" srcset=\"https:\/\/help.cobra.hu\/wp-content\/uploads\/2024\/06\/img_667e76df3be1d.png 1024w, https:\/\/help.cobra.hu\/wp-content\/uploads\/2024\/06\/img_667e76df3be1d-284x300.png 284w, https:\/\/help.cobra.hu\/wp-content\/uploads\/2024\/06\/img_667e76df3be1d-971x1024.png 971w, https:\/\/help.cobra.hu\/wp-content\/uploads\/2024\/06\/img_667e76df3be1d-768x810.png 768w, https:\/\/help.cobra.hu\/wp-content\/uploads\/2024\/06\/img_667e76df3be1d-237x250.png 237w\" sizes=\"(max-width: 727px) 100vw, 727px\" \/><\/p>\n<p id=\"pcTYDyn\">\n<\/li>\n<\/ul>\n<ul>\n<li><strong>Sz\u00e1mlasz\u00e1mokkal<\/strong>: hat\u00e1s\u00e1ra a sz\u00e1mlasz\u00e1m \u00f6sszes\u00edt\u0151 sorok al\u00e1 felvett sz\u00e1mlasz\u00e1mok is l\u00e1that\u00f3v\u00e1 v\u00e1lnak. P\u00e9ld\u00e1nkban az &#8220;1. Ing. \u00e9s ingatlanhoz kapcs. vagy. \u00e9rt. jogok (12..)&#8221; nev\u0171 sor\u00f6sszes\u00edt\u0151 al\u00e1 a pirossal keretezett f\u0151k\u00f6nyvi sz\u00e1mlasz\u00e1mokat soroltuk:\n<p id=\"pSgpjZX\"><img loading=\"lazy\" width=\"1017\" height=\"374\" class=\"size-full wp-image-8269 aligncenter\" src=\"http:\/\/help.cobra.hu\/wp-content\/uploads\/2024\/06\/img_667d77c714920.png\" alt=\"\" srcset=\"https:\/\/help.cobra.hu\/wp-content\/uploads\/2024\/06\/img_667d77c714920.png 1017w, https:\/\/help.cobra.hu\/wp-content\/uploads\/2024\/06\/img_667d77c714920-300x110.png 300w, https:\/\/help.cobra.hu\/wp-content\/uploads\/2024\/06\/img_667d77c714920-768x282.png 768w, https:\/\/help.cobra.hu\/wp-content\/uploads\/2024\/06\/img_667d77c714920-250x92.png 250w\" sizes=\"(max-width: 1017px) 100vw, 1017px\" \/><\/p>\n<p>Az egyes sz\u00e1mlasz\u00e1mokon dupl\u00e1n klikkelve azok sz\u00e1mlakartonja jelenik meg, vagyis lef\u00farhatunk sz\u00e1mlaforgalom szintre a m\u00e9rlegt\u00e1bl\u00e1zatb\u00f3l:<\/p>\n<p id=\"XmYapiw\"><img loading=\"lazy\" width=\"1333\" height=\"697\" class=\"size-full wp-image-8270 aligncenter\" src=\"http:\/\/help.cobra.hu\/wp-content\/uploads\/2024\/06\/img_667d78be902cc.png\" alt=\"\" srcset=\"https:\/\/help.cobra.hu\/wp-content\/uploads\/2024\/06\/img_667d78be902cc.png 1333w, https:\/\/help.cobra.hu\/wp-content\/uploads\/2024\/06\/img_667d78be902cc-300x157.png 300w, https:\/\/help.cobra.hu\/wp-content\/uploads\/2024\/06\/img_667d78be902cc-1024x535.png 1024w, https:\/\/help.cobra.hu\/wp-content\/uploads\/2024\/06\/img_667d78be902cc-768x402.png 768w, https:\/\/help.cobra.hu\/wp-content\/uploads\/2024\/06\/img_667d78be902cc-250x131.png 250w\" sizes=\"(max-width: 1333px) 100vw, 1333px\" \/><\/p>\n<\/li>\n<li><strong>Alsz\u00e1mlasz\u00e1mokkal<\/strong>: hat\u00e1s\u00e1ra az egyes sz\u00e1mlasz\u00e1m \u00f6sszes\u00edt\u0151 sorok al\u00e1 felvett, alsz\u00e1ml\u00e1kkal rendelkez\u0151 sz\u00e1ml\u00e1k eset\u00e9n az alsz\u00e1ml\u00e1k is l\u00e1that\u00f3v\u00e1 v\u00e1lnak. P\u00e9ld\u00e1nkban a sz\u00e1mlasz\u00e1m \u00f6sszes\u00edt\u0151be a 26-os sz\u00e1ml\u00e1k nem egyenk\u00e9nt vannak felsorolva, hanem az\u00e1ltal, hogy a 26-os sz\u00e1mla alsz\u00e1ml\u00e1i (m\u00e1sn\u00e9ven gyermeksz\u00e1ml\u00e1i) is felgy\u0171jt\u00e9sre vannak jel\u00f6lve:\n<p id=\"tSqCPjB\"><img loading=\"lazy\" width=\"1014\" height=\"434\" class=\"size-full wp-image-8267 aligncenter\" src=\"http:\/\/help.cobra.hu\/wp-content\/uploads\/2024\/06\/img_667d7691d2f1f.png\" alt=\"\" srcset=\"https:\/\/help.cobra.hu\/wp-content\/uploads\/2024\/06\/img_667d7691d2f1f.png 1014w, https:\/\/help.cobra.hu\/wp-content\/uploads\/2024\/06\/img_667d7691d2f1f-300x128.png 300w, https:\/\/help.cobra.hu\/wp-content\/uploads\/2024\/06\/img_667d7691d2f1f-768x329.png 768w, https:\/\/help.cobra.hu\/wp-content\/uploads\/2024\/06\/img_667d7691d2f1f-250x107.png 250w\" sizes=\"(max-width: 1014px) 100vw, 1014px\" \/><\/p>\n<p>Ezen alsz\u00e1ml\u00e1k kartonja duplaklikkre ugyan\u00fagy megtekinthet\u0151, mint a t\u00f6bbi sz\u00e1ml\u00e1\u00e9.<\/li>\n<li><strong>Tulajdons\u00e1gok<\/strong>: hat\u00e1s\u00e1ra a sorok mellett megjelenik a sor t\u00edpusa, a megjelen\u00edt\u00e9s m\u00f3d \u00e9s az oldal jellege:\n<p id=\"IwgntgD\"><img loading=\"lazy\" width=\"1014\" height=\"636\" class=\"size-full wp-image-8271 aligncenter\" src=\"http:\/\/help.cobra.hu\/wp-content\/uploads\/2024\/06\/img_667d794e228fa.png\" alt=\"\" srcset=\"https:\/\/help.cobra.hu\/wp-content\/uploads\/2024\/06\/img_667d794e228fa.png 1014w, https:\/\/help.cobra.hu\/wp-content\/uploads\/2024\/06\/img_667d794e228fa-300x188.png 300w, https:\/\/help.cobra.hu\/wp-content\/uploads\/2024\/06\/img_667d794e228fa-768x482.png 768w, https:\/\/help.cobra.hu\/wp-content\/uploads\/2024\/06\/img_667d794e228fa-250x157.png 250w\" sizes=\"(max-width: 1014px) 100vw, 1014px\" \/><\/p>\n<\/li>\n<li><strong>\u00c9v \/ F\u00e9l\u00e9v \/ Negyed\u00e9v \/ H\u00f3nap:<\/strong> jel\u00f6lhetj\u00fck, hogy az adatokat milyen id\u0151szakokra \u00f6sszes\u00edtve k\u00edv\u00e1njuk megjelen\u00edteni. Egyszerre t\u00f6bb is megadhat\u00f3, p\u00e9ld\u00e1ul alap\u00e9rtelmezett az \u00c9v \u00e9s a H\u00f3nap, \u00edgy a kiv\u00e1lasztott \u00e9v adatait l\u00e1tjuk egy oszlopban egy \u00e9vre, majd a 12 h\u00f3nap szerint bontva is:\n<p id=\"xEBzWVK\"><img loading=\"lazy\" width=\"1176\" height=\"804\" class=\"size-full wp-image-8301 aligncenter\" src=\"http:\/\/help.cobra.hu\/wp-content\/uploads\/2024\/06\/img_667e790498940.png\" alt=\"\" srcset=\"https:\/\/help.cobra.hu\/wp-content\/uploads\/2024\/06\/img_667e790498940.png 1176w, https:\/\/help.cobra.hu\/wp-content\/uploads\/2024\/06\/img_667e790498940-300x205.png 300w, https:\/\/help.cobra.hu\/wp-content\/uploads\/2024\/06\/img_667e790498940-1024x700.png 1024w, https:\/\/help.cobra.hu\/wp-content\/uploads\/2024\/06\/img_667e790498940-768x525.png 768w, https:\/\/help.cobra.hu\/wp-content\/uploads\/2024\/06\/img_667e790498940-250x171.png 250w\" sizes=\"(max-width: 1176px) 100vw, 1176px\" \/><\/p>\n<p id=\"arcLHFJ\">\n<\/li>\n<li><strong>B\u00e1zis<\/strong> \u00e9s <strong>Terv<\/strong>: a m\u00e9rlegsorokhoz a m\u00e9rlegt\u00e1bl\u00e1zat peri\u00f3dusa szerint rendelhet\u0151 k\u00e9t k\u00e9zzel megadott adat, a B\u00e1zis \u00e9s a Terv. Ezek megjelen\u00edt\u00e9s\u00e9t kapcsolhatjuk ezekkel:\n<p id=\"USKEHCP\"><img loading=\"lazy\" width=\"1334\" height=\"185\" class=\"alignnone size-full wp-image-8273 \" src=\"http:\/\/help.cobra.hu\/wp-content\/uploads\/2024\/06\/img_667d7bbbedf35.png\" alt=\"\" srcset=\"https:\/\/help.cobra.hu\/wp-content\/uploads\/2024\/06\/img_667d7bbbedf35.png 1334w, https:\/\/help.cobra.hu\/wp-content\/uploads\/2024\/06\/img_667d7bbbedf35-300x42.png 300w, https:\/\/help.cobra.hu\/wp-content\/uploads\/2024\/06\/img_667d7bbbedf35-1024x142.png 1024w, https:\/\/help.cobra.hu\/wp-content\/uploads\/2024\/06\/img_667d7bbbedf35-768x107.png 768w, https:\/\/help.cobra.hu\/wp-content\/uploads\/2024\/06\/img_667d7bbbedf35-250x35.png 250w\" sizes=\"(max-width: 1334px) 100vw, 1334px\" \/><\/p>\n<\/li>\n<\/ul>\n<h5><span id=\"Exportalas_Excelbe\"><strong>Export\u00e1l\u00e1s Excelbe<\/strong><\/span><\/h5>\n<p>A t\u00e1bl\u00e1zat adatait lek\u00e9rve, a sz\u00fcks\u00e9ges opci\u00f3kat be\u00e1ll\u00edtva a teljes t\u00e1bl\u00e1zat az aktu\u00e1lis megjelen\u00e9s\u00e9nek megfelel\u0151n export\u00e1lhat\u00f3 XLS-be az ablak Eszk\u00f6z\u00f6k \/ Export \/ MS Excel 2007 funkci\u00f3j\u00e1val:<\/p>\n<p id=\"czDXRzd\"><img loading=\"lazy\" width=\"727\" height=\"264\" class=\"size-full wp-image-8278 aligncenter\" src=\"http:\/\/help.cobra.hu\/wp-content\/uploads\/2024\/06\/img_667d81d135762.png\" alt=\"\" srcset=\"https:\/\/help.cobra.hu\/wp-content\/uploads\/2024\/06\/img_667d81d135762.png 727w, https:\/\/help.cobra.hu\/wp-content\/uploads\/2024\/06\/img_667d81d135762-300x109.png 300w, https:\/\/help.cobra.hu\/wp-content\/uploads\/2024\/06\/img_667d81d135762-250x91.png 250w\" sizes=\"(max-width: 727px) 100vw, 727px\" \/><\/p>\n<p>&nbsp;<\/p>\n<h5><span id=\"Nyomtatva\"><strong>Nyomtatva<\/strong><\/span><\/h5>\n<p>A t\u00e1bl\u00e1zat [<strong>Nyomtat\u00e1si k\u00e9p<\/strong>] gombj\u00e1t megnyomva:<\/p>\n<p id=\"DBCKhGA\"><img loading=\"lazy\" width=\"717\" height=\"51\" class=\"size-full wp-image-8275 aligncenter\" src=\"http:\/\/help.cobra.hu\/wp-content\/uploads\/2024\/06\/img_667d7f2ec1598.png\" alt=\"\" srcset=\"https:\/\/help.cobra.hu\/wp-content\/uploads\/2024\/06\/img_667d7f2ec1598.png 717w, https:\/\/help.cobra.hu\/wp-content\/uploads\/2024\/06\/img_667d7f2ec1598-300x21.png 300w, https:\/\/help.cobra.hu\/wp-content\/uploads\/2024\/06\/img_667d7f2ec1598-250x18.png 250w\" sizes=\"(max-width: 717px) 100vw, 717px\" \/><\/p>\n<p>A4 \u00e1ll\u00f3 vagy fekv\u0151 form\u00e1tumra optimaliz\u00e1lt, el\u0151re defini\u00e1lt s\u00e9m\u00e1j\u00fa nyomtatv\u00e1nyon k\u00fcldhetj\u00fck nyomtat\u00f3ra vagy export\u00e1lhatjuk PDF-be a t\u00e1bl\u00e1zatok adatait. Ezen szint\u00e9n tal\u00e1lhat\u00f3 n\u00e9h\u00e1ny sz\u0171r\u0151:<\/p>\n<p id=\"XxOOvAi\"><img loading=\"lazy\" width=\"1069\" height=\"997\" class=\"size-full wp-image-8274 aligncenter\" src=\"http:\/\/help.cobra.hu\/wp-content\/uploads\/2024\/06\/img_667d7eb0adc9f.png\" alt=\"\" srcset=\"https:\/\/help.cobra.hu\/wp-content\/uploads\/2024\/06\/img_667d7eb0adc9f.png 1069w, https:\/\/help.cobra.hu\/wp-content\/uploads\/2024\/06\/img_667d7eb0adc9f-300x280.png 300w, https:\/\/help.cobra.hu\/wp-content\/uploads\/2024\/06\/img_667d7eb0adc9f-1024x955.png 1024w, https:\/\/help.cobra.hu\/wp-content\/uploads\/2024\/06\/img_667d7eb0adc9f-768x716.png 768w, https:\/\/help.cobra.hu\/wp-content\/uploads\/2024\/06\/img_667d7eb0adc9f-250x233.png 250w\" sizes=\"(max-width: 1069px) 100vw, 1069px\" \/><\/p>\n<p>A t\u00e1bl\u00e1zat Eszk\u00f6z\u00f6k \/\u00a0 <strong>Nyomtat\u00e1si k\u00e9p<\/strong> gombj\u00e1t megnyomva:<br \/>\n<img loading=\"lazy\" width=\"591\" height=\"209\" class=\"size-full wp-image-8276 aligncenter\" src=\"http:\/\/help.cobra.hu\/wp-content\/uploads\/2024\/06\/img_667d7f58d2164.png\" alt=\"\" srcset=\"https:\/\/help.cobra.hu\/wp-content\/uploads\/2024\/06\/img_667d7f58d2164.png 591w, https:\/\/help.cobra.hu\/wp-content\/uploads\/2024\/06\/img_667d7f58d2164-300x106.png 300w, https:\/\/help.cobra.hu\/wp-content\/uploads\/2024\/06\/img_667d7f58d2164-250x88.png 250w\" sizes=\"(max-width: 591px) 100vw, 591px\" \/><\/p>\n<p>pontosan olyan elrendez\u00e9sben nyomtathatunk vagy export\u00e1lhatunk PDF-be, ahogy a t\u00e1bl\u00e1zatot l\u00e1tjuk. Teh\u00e1t ak\u00e1r sz\u00e1mlasz\u00e1m szinten megjelen\u00edtve, ha a t\u00e1bl\u00e1zaton az van bekapcsolva:<\/p>\n<p id=\"WVVLjly\"><img loading=\"lazy\" width=\"898\" height=\"810\" class=\"size-full wp-image-8277 aligncenter\" src=\"http:\/\/help.cobra.hu\/wp-content\/uploads\/2024\/06\/img_667d7fdbe9d28.png\" alt=\"\" srcset=\"https:\/\/help.cobra.hu\/wp-content\/uploads\/2024\/06\/img_667d7fdbe9d28.png 898w, https:\/\/help.cobra.hu\/wp-content\/uploads\/2024\/06\/img_667d7fdbe9d28-300x271.png 300w, https:\/\/help.cobra.hu\/wp-content\/uploads\/2024\/06\/img_667d7fdbe9d28-768x693.png 768w, https:\/\/help.cobra.hu\/wp-content\/uploads\/2024\/06\/img_667d7fdbe9d28-250x226.png 250w\" sizes=\"(max-width: 898px) 100vw, 898px\" \/><\/p>\n<p>&nbsp;<\/p>\n<h4><span id=\"TervTenyBazis_adatok_nyomtatasa\">Terv\/T\u00e9ny\/B\u00e1zis adatok nyomtat\u00e1sa<\/span><\/h4>\n<p>A\u00a0<strong>F\u0151men\u00fc \/ M\u00e9rleg \/ Terv\/B\u00e1zis \u00e9rt\u00e9kek nyomtat\u00e1sa<\/strong> men\u00fcpontb\u00f3l a sorokn\u00e1l defini\u00e1lt terv\/t\u00e9ny\u00a0adatok k\u00e9t form\u00e1tumban nyomtathat\u00f3k ki:<\/p>\n<ul>\n<li><span class=\"fontstyle2\">amennyiben nem haszn\u00e1latosak a minim\u00e1lis \u00e9s maxim\u00e1lis terv adatok, akkor \u00e1ll\u00f3 A4-es\u00a0form\u00e1tumban nyomtathat\u00f3 ki<\/span><\/li>\n<li>amennyiben haszn\u00e1latos a minim\u00e1lis \u00e9s maxim\u00e1lis terv adatok, akkor fekv\u0151 A4-es\u00a0form\u00e1tumban nyomtathat\u00f3 ki<\/li>\n<\/ul>\n","protected":false},"excerpt":{"rendered":"<p>Tartalomjegyz&eacute;k1 Bevezet\u00e9s1.1 Fogalmak2 T\u00e1bl\u00e1zatok l\u00e9trehoz\u00e1sa3 M\u00e9rlegsorok szerkeszt\u00e9se3.1 \u00c1ttekint\u0151 ablak3.2 Sorok felvitele, m\u00f3dos\u00edt\u00e1sa3.3 Terv \u00e9s b\u00e1zis \u00e9rt\u00e9kek megad\u00e1sa3.4 Sz\u00e1mlasz\u00e1m ellen\u0151rz\u00e9s3.5 T\u00f6rl\u00e9s4 T\u00e1bl\u00e1zat \u00e9rt\u00e9kek megjelen\u00edt\u00e9se, nyomtat\u00e1sa4.1 T\u00e1bl\u00e1zatos form\u00e1ban4.2 Export\u00e1l\u00e1s Excelbe4.3 Nyomtatva5 Terv\/T\u00e9ny\/B\u00e1zis adatok nyomtat\u00e1sa Bevezet\u00e9s A modul szerepe a rendszerben k\u00f6nyvelt adatok forgalm\u00e1b\u00f3l \u2013 ad\u00f3\u00e9ven bel\u00fcl tetsz\u0151leges id\u0151szakra \u2013 a sz\u00e1mviteli\u00a0m\u00e9rleg, eredm\u00e9nykimutat\u00e1s stb. elv\u00e1r\u00e1s\u00e1nak megfelel\u0151 rendezetts\u00e9gben \u00e9s \u00f6sszes\u00edtve inform\u00e1ci\u00f3t szolg\u00e1ltasson. Fenti c\u00e9l el\u00e9r\u00e9s\u00e9hez a modulban \u2013 ad\u00f3\u00e9vhez kapcsol\u00f3d\u00f3an \u2013 t\u00e1bl\u00e1zatok defini\u00e1lhat\u00f3k, \u00e9s minden\u00a0t\u00e1bl\u00e1zathoz tetsz\u0151leges sz\u00e1m\u00fa sor vehet\u0151 [&hellip;]<\/p>\n","protected":false},"author":1,"featured_media":0,"comment_status":"closed","ping_status":"closed","sticky":false,"template":"","format":"standard","meta":[],"categories":[23],"tags":[],"_links":{"self":[{"href":"https:\/\/help.cobra.hu\/index.php\/wp-json\/wp\/v2\/posts\/4336"}],"collection":[{"href":"https:\/\/help.cobra.hu\/index.php\/wp-json\/wp\/v2\/posts"}],"about":[{"href":"https:\/\/help.cobra.hu\/index.php\/wp-json\/wp\/v2\/types\/post"}],"author":[{"embeddable":true,"href":"https:\/\/help.cobra.hu\/index.php\/wp-json\/wp\/v2\/users\/1"}],"replies":[{"embeddable":true,"href":"https:\/\/help.cobra.hu\/index.php\/wp-json\/wp\/v2\/comments?post=4336"}],"version-history":[{"count":16,"href":"https:\/\/help.cobra.hu\/index.php\/wp-json\/wp\/v2\/posts\/4336\/revisions"}],"predecessor-version":[{"id":8303,"href":"https:\/\/help.cobra.hu\/index.php\/wp-json\/wp\/v2\/posts\/4336\/revisions\/8303"}],"wp:attachment":[{"href":"https:\/\/help.cobra.hu\/index.php\/wp-json\/wp\/v2\/media?parent=4336"}],"wp:term":[{"taxonomy":"category","embeddable":true,"href":"https:\/\/help.cobra.hu\/index.php\/wp-json\/wp\/v2\/categories?post=4336"},{"taxonomy":"post_tag","embeddable":true,"href":"https:\/\/help.cobra.hu\/index.php\/wp-json\/wp\/v2\/tags?post=4336"}],"curies":[{"name":"wp","href":"https:\/\/api.w.org\/{rel}","templated":true}]}}