{"id":6944,"date":"2023-04-12T13:45:52","date_gmt":"2023-04-12T13:45:52","guid":{"rendered":"https:\/\/help.cobra.hu\/?p=6944"},"modified":"2023-04-12T15:54:01","modified_gmt":"2023-04-12T15:54:01","slug":"sablonok-parameterezese","status":"publish","type":"post","link":"https:\/\/help.cobra.hu\/index.php\/2023\/04\/12\/sablonok-parameterezese\/","title":{"rendered":"Sablonok param\u00e9terez\u00e9se"},"content":{"rendered":"<div id=\"toc_container\" class=\"no_bullets\"><p class=\"toc_title\">Tartalomjegyz&eacute;k<\/p><ul class=\"toc_list\"><li><a href=\"#Metaadatok\"><span class=\"toc_number toc_depth_1\">1<\/span> \nMetaadatok<\/a><\/li><li><a href=\"#Jellemzok\"><span class=\"toc_number toc_depth_1\">2<\/span> Jellemz\u0151k<\/a><\/li><li><a href=\"#Szovegszerkesztes\"><span class=\"toc_number toc_depth_1\">3<\/span> Sz\u00f6vegszerkeszt\u00e9s<\/a><\/li><\/ul><\/div>\n<p>A Szerz\u0151d\u00e9s modul alappill\u00e9re a sablon. A sablon alapvet\u0151en meghat\u00e1rozza, hogy:<\/p>\n<ul>\n<li>szerz\u0151d\u00e9s\u00fcnk milyen form\u00e1t \u00f6lt, hogyan n\u00e9z ki<\/li>\n<li>szerz\u0151d\u00e9s\u00fcnk tartalm\u00e1t<\/li>\n<li>szerz\u0151d\u00e9s\u00fcnkh\u00f6z milyen jellemz\u0151k (metaadatok) megad\u00e1sa k\u00f6telez\u0151, hisz n\u00e9lk\u00fcl\u00fck a szerz\u0151d\u00e9s tartalma hi\u00e1nyos lenne<\/li>\n<li>a szerz\u0151d\u00e9s\u00fcnk 1 vagy t\u00f6bboldal\u00fa<\/li>\n<\/ul>\n<p>&nbsp;<\/p>\n<p>A sablonok l\u00e9trehoz\u00e1s\u00e1ra \u00e9s szerkeszt\u00e9s\u00e9re a <strong>Szerz\u0151d\u00e9sek \/ Karbantart\u00e1s \/ Sablonok<\/strong> \u00fatvonalon tal\u00e1lhat\u00f3 szerkeszt\u0151 ad lehet\u0151s\u00e9get. A megjelen\u0151 Szerz\u0151d\u00e9s sablonok ablakban \u00faj sablon r\u00f6gz\u00edt\u00e9s\u00e9t \u00e9s megl\u00e9v\u0151 szerkeszt\u00e9s\u00e9t is ind\u00edthatjuk:<\/p>\n<p id=\"UPfaChI\"><img loading=\"lazy\" width=\"509\" height=\"458\" class=\"size-full wp-image-6948  aligncenter\" src=\"http:\/\/help.cobra.hu\/wp-content\/uploads\/2023\/04\/img_6436b98c955f1.png\" alt=\"\" srcset=\"https:\/\/help.cobra.hu\/wp-content\/uploads\/2023\/04\/img_6436b98c955f1.png 509w, https:\/\/help.cobra.hu\/wp-content\/uploads\/2023\/04\/img_6436b98c955f1-300x270.png 300w, https:\/\/help.cobra.hu\/wp-content\/uploads\/2023\/04\/img_6436b98c955f1-250x225.png 250w\" sizes=\"(max-width: 509px) 100vw, 509px\" \/><\/p>\n<p>A szerkeszt\u0151 ablak a <strong>fels\u0151 men\u00fcsor<\/strong>on \u00e9rj\u00fck el a Wordb\u0151l m\u00e1r ismer\u0151s szerkeszt\u0151 funkci\u00f3kat, mint nyomtat\u00e1si el\u0151n\u00e9zet, sz\u00f6vegform\u00e1z\u00e1s, \u00e9l\u0151fej \u00e9s \u00e9l\u0151l\u00e1b, t\u00e1jol\u00e1s, stb:<br \/>\n<img loading=\"lazy\" width=\"971\" height=\"257\" class=\"size-full wp-image-6951  aligncenter\" src=\"http:\/\/help.cobra.hu\/wp-content\/uploads\/2023\/04\/img_6436bb446e46f.png\" alt=\"\" srcset=\"https:\/\/help.cobra.hu\/wp-content\/uploads\/2023\/04\/img_6436bb446e46f.png 971w, https:\/\/help.cobra.hu\/wp-content\/uploads\/2023\/04\/img_6436bb446e46f-300x79.png 300w, https:\/\/help.cobra.hu\/wp-content\/uploads\/2023\/04\/img_6436bb446e46f-768x203.png 768w, https:\/\/help.cobra.hu\/wp-content\/uploads\/2023\/04\/img_6436bb446e46f-250x66.png 250w\" sizes=\"(max-width: 971px) 100vw, 971px\" \/><\/p>\n<p>A funcki\u00f3k m\u0171k\u00f6d\u00e9se is igyekszik a Wordb\u0151l ismert m\u0171k\u00f6d\u00e9seket k\u00f6vetni.<\/p>\n<p>A <strong>Tulajdons\u00e1gok <\/strong>szekci\u00f3ban k\u00f6telez\u0151 megadni a sablon <strong>Megnevez\u00e9s<\/strong>\u00e9t \u00e9s <strong>Ir\u00e1ny<\/strong>\u00e1t (kimen\u0151 vagy bej\u00f6v\u0151):<\/p>\n<p id=\"OejAWGl\"><img loading=\"lazy\" width=\"451\" height=\"126\" class=\"size-full wp-image-6950  aligncenter\" src=\"http:\/\/help.cobra.hu\/wp-content\/uploads\/2023\/04\/img_6436ba802b62f.png\" alt=\"\" srcset=\"https:\/\/help.cobra.hu\/wp-content\/uploads\/2023\/04\/img_6436ba802b62f.png 451w, https:\/\/help.cobra.hu\/wp-content\/uploads\/2023\/04\/img_6436ba802b62f-300x84.png 300w, https:\/\/help.cobra.hu\/wp-content\/uploads\/2023\/04\/img_6436ba802b62f-250x70.png 250w\" sizes=\"(max-width: 451px) 100vw, 451px\" \/><\/p>\n<p>Ezek mellett itt hat\u00e1rozzuk meg:<\/p>\n<ul>\n<li><strong>Hat\u00e1roztalan idej\u0171<\/strong>: a sablon alapj\u00e1n l\u00e9trehozott szerz\u0151d\u00e9s\u00fcnk hat\u00e1rozatlan idej\u0171 lesz-e vagy sem<\/li>\n<li><strong>Szerkeszthet\u0151<\/strong>: a sablon alapj\u00e1n l\u00e9trehozott szerz\u0151d\u00e9s\u00fcnk egyedileg, csak a konkr\u00e9t szerz\u0151d\u00e9sre vonatkoz\u00f3an tov\u00e1bb szekeszthet\u0151-e. Ez jelenthet b\u00e1rmilyen m\u00f3dos\u00edt\u00e1st a szerz\u0151d\u00e9s sz\u00f6veg\u00e9ben, kin\u00e9zet\u00e9ben, mely csak \u00e9s kiz\u00e1r\u00f3lag a konkr\u00e9t szerz\u0151d\u00e9sre vonatkozik, nem pedig a sablonra, mely alapj\u00e1n l\u00e9trehoztuk.<\/li>\n<li><strong>Ir\u00e1ny<\/strong>: a sablon alapj\u00e1n kimen\u0151 vagy bej\u00f6v\u0151 szerz\u0151d\u00e9seket k\u00edv\u00e1nunk-e majd l\u00e9trehozni<\/li>\n<li><strong>Szerz\u0151d\u0151 felek<\/strong>: a sz\u00e1m meghat\u00e1rozza, hogy saj\u00e1t c\u00e9g\u00fcnk\u00f6n k\u00edv\u00fcl h\u00e1ny partnert r\u00f6gz\u00edthet\u00fcnk a szerz\u0151d\u00e9sre. Egy egyszer\u0171 szolg\u00e1ltat\u00e1si szerz\u0151d\u00e9s eset\u00e9n, ahol a mi c\u00e9g\u00fcnk a szolg\u00e1ltat\u00f3 \u00e9s van egy ig\u00e9nybevev\u0151, \u00e9rtelemszer\u0171en ez a sz\u00e1m 1. De l\u00e9teznek t\u00f6bboldal\u00fa szerz\u0151d\u00e9sek is.<\/li>\n<\/ul>\n<h4><span id=\"Metaadatok\">\nMetaadatok<\/span><\/h4>\n<p>Metaadatoknak nevezz\u00fck azokat a struktur\u00e1lt adatokat, melyek egy-egy szerz\u0151d\u00e9shez k\u00f6thet\u0151k, \u00e9s melyek alapj\u00e1n azok kereshet\u0151k, azokkal kapcsolatos funkcionalit\u00e1sok vez\u00e9relhet\u0151k, valamint azok a szerz\u0151d\u00e9s sz\u00f6veg\u00e9be automatiz\u00e1ltan integr\u00e1lhat\u00f3k.\u00a0A szerz\u0151d\u00e9ssablonok nat\u00edvan tartalmaznak n\u00e9h\u00e1ny metaadatot (pl. szerz\u0151d\u00e9ssz\u00e1m, keltez\u00e9s, \u00e9rt\u00e9k stb.), m\u00edg tov\u00e1bbiak vehet\u0151k fel <a href=\"https:\/\/help.cobra.hu\/index.php\/2015\/10\/15\/jellemzok\/\" target=\"_blank\" rel=\"noopener\">jellemz\u0151k<\/a> form\u00e1j\u00e1ban. A metaadatok \u00e9s jellemz\u0151k a sablon szerkeszt\u00e9sekor teh\u00e1t nem kapnak m\u00e9g \u00e9rt\u00e9ket, hanem a konkr\u00e9t szerz\u0151d\u00e9s l\u00e9trehoz\u00e1sakor ker\u00fclnek majd meghat\u00e1roz\u00e1sra \u00e9s a szerz\u0151d\u00e9sen magadott adatok alapj\u00e1n fognak beker\u00fclni a szerz\u0151d\u00e9s statikus sz\u00f6veg\u00e9be.<\/p>\n<p>A minden sablonon jelenl\u00e9v\u0151 \u00e9s haszn\u00e1lhat\u00f3 metaadatokat a <strong>Metaadat<\/strong> szekci\u00f3ban l\u00e1thatjuk:<\/p>\n<p id=\"CXHkuMC\"><img loading=\"lazy\" width=\"958\" height=\"717\" class=\"size-full wp-image-6952  aligncenter\" src=\"http:\/\/help.cobra.hu\/wp-content\/uploads\/2023\/04\/img_6436c821a9f72.png\" alt=\"\" srcset=\"https:\/\/help.cobra.hu\/wp-content\/uploads\/2023\/04\/img_6436c821a9f72.png 958w, https:\/\/help.cobra.hu\/wp-content\/uploads\/2023\/04\/img_6436c821a9f72-300x225.png 300w, https:\/\/help.cobra.hu\/wp-content\/uploads\/2023\/04\/img_6436c821a9f72-768x575.png 768w, https:\/\/help.cobra.hu\/wp-content\/uploads\/2023\/04\/img_6436c821a9f72-250x187.png 250w\" sizes=\"(max-width: 958px) 100vw, 958px\" \/><\/p>\n<p>3 nagy csoportra oszthat\u00f3k:<\/p>\n<ul>\n<li><strong>saj\u00e1t c\u00e9g\u00fcnk adatai<\/strong>: ezeket a szerz\u0151d\u00e9s l\u00e9trehoz\u00e1sakor a program<a href=\"https:\/\/help.cobra.hu\/index.php\/2015\/09\/07\/a-felhasznalo-ceg-adatainak-beallitasa\/\" target=\"_blank\" rel=\"noopener\"> saj\u00e1t c\u00e9g\u00fcnk r\u00f6gz\u00edtett adatai<\/a>b\u00f3l fogja felt\u00f6lteni a szerz\u0151d\u00e9s sz\u00f6veg\u00e9be<\/li>\n<li><strong>a szerz\u0151d\u00e9s adatai<\/strong>: p\u00e9ldul a szerz\u0151d\u00e9s sz\u00e1ma, keltez\u00e9se, hat\u00e1lyba l\u00e9p\u00e9se, lej\u00e1rata stb.<\/li>\n<li><strong>a tov\u00e1bi szerz\u0151d\u0151 felek adatai<\/strong>: azon partner(ek) adatait k\u00e9pviselik, mely(ek) a konkr\u00e9t szerz\u0151d\u00e9s r\u00f6gz\u00edt\u00e9sekor fognak megad\u00e1sra ker\u00fcli. Ez jellemz\u0151en a szerz\u0151d\u0151 partner neve, ad\u00f3sz\u00e1ma, c\u00edme, stb.<\/li>\n<\/ul>\n<p>&nbsp;<\/p>\n<p>Ezeket a metaadatokat majd a szerz\u0151d\u00e9s statikus sz\u00f6veg\u00e9nek szerkeszt\u00e9sekor &#8220;h\u00fazd \u00e9s ejts&#8221; m\u00f3don tudjuk a szerz\u0151d\u00e9sre helyezni.<\/p>\n<p>&nbsp;<\/p>\n<h4><span id=\"Jellemzok\">Jellemz\u0151k<\/span><\/h4>\n<p>A fenti el\u0151re r\u00f6gz\u00edtett metaadatokon k\u00edv\u00fcl, term\u00e9szetesen egyedi, a felhaszn\u00e1l\u00f3 c\u00e9g szerz\u0151d\u00e9seiben helyet kap\u00f3 adatok r\u00f6gz\u00edt\u00e9s\u00e9re is sz\u00fcks\u00e9g van. Ha p\u00e9ld\u00e1ul egy karbantart\u00e1si szerz\u0151d\u00e9s sablont hozunk l\u00e9tre, lehets\u00e9ges, hogy sz\u00fcks\u00e9g\u00fcnk van a karbantartand\u00f3 g\u00e9p t\u00edpus\u00e1t megadni majd a konkr\u00e9t szerz\u0151d\u00e9sen. Ezeket az egyedi metaadatokat tudjuk<a href=\"https:\/\/help.cobra.hu\/index.php\/2015\/10\/15\/jellemzok\/\" target=\"_blank\" rel=\"noopener\"> jellemz\u0151<\/a>k\u00e9nt r\u00f6gz\u00edteni a programban, elhelyezni a szerz\u0151d\u00e9s sablon sz\u00f6veg\u00e9ben, majd a konkr\u00e9t szerz\u0151d\u00e9s l\u00e9trehoz\u00e1sakor az \u00e9rt\u00e9k\u00e9t megadni. V\u00e9g\u00fcl a program a szerz\u0151d\u00e9s gener\u00e1l\u00e1sakor ezt az \u00e9rt\u00e9ket helyezi el a szerz\u0151d\u00e9s sz\u00f6veg\u00e9ben, oda, ahov\u00e1 a sablonon a jellemz\u0151t elhelyezt\u00fck.<br \/>\nEzen jellemz\u0151k \u00e9rt\u00e9keire kereshet\u00fcnk is, teh\u00e1t egy adott konr\u00e9t szerz\u0151d\u00e9st meg fogunk tal\u00e1lni a jellemz\u0151 \u00e9rt\u00e9ke (eset\u00fcnkben a g\u00e9p t\u00edpusa) alapj\u00e1n.<\/p>\n<p>A szerz\u0151d\u00e9seken haszn\u00e1lhat\u00f3 jellemz\u0151ket nyilv\u00e1n \u00fagy kell a t\u00f6rzsadatok k\u00f6zt r\u00f6gz\u00edteni, hogy azok szerz\u0151d\u00e9s t\u00edpus\u00fa objektumon haszn\u00e1lhat\u00f3k legyenek.<\/p>\n<p>A sablonon haszn\u00e1lhat\u00f3 jellemz\u0151ket a <strong>Jellemz\u0151k<\/strong> szekci\u00f3ban tudjuk r\u00f6gz\u00edteni:<\/p>\n<p id=\"QptFOOq\"><img loading=\"lazy\" width=\"707\" height=\"456\" class=\"size-full wp-image-6953  aligncenter\" src=\"http:\/\/help.cobra.hu\/wp-content\/uploads\/2023\/04\/img_6436cb0d96cfd.png\" alt=\"\" srcset=\"https:\/\/help.cobra.hu\/wp-content\/uploads\/2023\/04\/img_6436cb0d96cfd.png 707w, https:\/\/help.cobra.hu\/wp-content\/uploads\/2023\/04\/img_6436cb0d96cfd-300x193.png 300w, https:\/\/help.cobra.hu\/wp-content\/uploads\/2023\/04\/img_6436cb0d96cfd-250x161.png 250w\" sizes=\"(max-width: 707px) 100vw, 707px\" \/><\/p>\n<p>A megjelen\u0151 kis ablakon csak a szerz\u0151d\u00e9s t\u00edpus\u00fa objektumon haszn\u00e1lhat\u00f3 jellemz\u0151k k\u00f6z\u00fcl v\u00e1laszthatunk. Emellett jel\u00f6lhetj\u00fck, hogy egy adott sablon alapj\u00e1n l\u00e9trehozott szerz\u0151d\u00e9sen az adott jellemz\u0151 <strong>k\u00f6telez\u0151<\/strong> \u00e9rv\u00e9ny\u0171en meg legyen adva, mert an\u00e9lk\u00fcl nem tudunk \u00e9rv\u00e9nyes, \u00e9rtelmes szerz\u0151d\u00e9st l\u00e9trehozni. Tov\u00e1bbi p\u00e9ld\u00e1val \u00e9lve ilyen jellemz\u0151 lehet egy t\u00e1vfel\u00fcgyeleti szerz\u0151d\u00e9sen a riaszt\u00f3 telep\u00edt\u00e9si c\u00edme, hisz ez elt\u00e9rhet a szerz\u0151d\u0151 (sz\u00e1mlafizet\u0151) partner sz\u00e9khely\u00e9t\u0151l, ilyen lehet a fizet\u00e9si \u00fctemez\u00e9s, k\u00e9r-e a szerz\u0151d\u0151 t\u0171zjelz\u00e9st vagy hogy k\u00f6t-e h\u0171s\u00e9gszerz\u0151d\u00e9st egy kedvez\u0151bb \u00e1r \u00e9rdek\u00e9ben. Ezeket az adatokat a szerz\u0151d\u00e9sen jellemz\u0151k\u00e9nt kell t\u00e1rolnunk, de ahhoz, hogy ezt megtehess\u00fck, a szerz\u0151d\u00e9s alapj\u00e1ul szolg\u00e1l\u00f3 sablonra is r\u00f6gz\u00edten\u00fcnk kell ezeket:<\/p>\n<p id=\"yXtxlpq\"><img loading=\"lazy\" width=\"331\" height=\"185\" class=\"size-full wp-image-6954  aligncenter\" src=\"http:\/\/help.cobra.hu\/wp-content\/uploads\/2023\/04\/img_6436cf3d03bee.png\" alt=\"\" srcset=\"https:\/\/help.cobra.hu\/wp-content\/uploads\/2023\/04\/img_6436cf3d03bee.png 331w, https:\/\/help.cobra.hu\/wp-content\/uploads\/2023\/04\/img_6436cf3d03bee-300x168.png 300w, https:\/\/help.cobra.hu\/wp-content\/uploads\/2023\/04\/img_6436cf3d03bee-250x140.png 250w\" sizes=\"(max-width: 331px) 100vw, 331px\" \/><\/p>\n<h4><span id=\"Szovegszerkesztes\">Sz\u00f6vegszerkeszt\u00e9s<\/span><\/h4>\n<p>A szerz\u0151d\u00e9s sablon sz\u00f6veg\u00e9t <strong>A szerz\u0151d\u00e9s sz\u00f6vege<\/strong> szekci\u00f3ban tudjuk l\u00e9trehozni, szerkeszteni, form\u00e1zni. Alap\u00e9rtelmezetten egy \u00e1ll\u00f3 A4-es form\u00e1tumot kapunk, melynek marg\u00f3i, t\u00e1jol\u00e1sa a<strong> Lap elrendez\u00e9s<\/strong> f\u00fcl\u00f6n v\u00e1ltoztathat\u00f3 meg:<\/p>\n<p id=\"gKCbtbA\"><img loading=\"lazy\" width=\"535\" height=\"138\" class=\"size-full wp-image-6955  aligncenter\" src=\"http:\/\/help.cobra.hu\/wp-content\/uploads\/2023\/04\/img_6436cfce246ea.png\" alt=\"\" srcset=\"https:\/\/help.cobra.hu\/wp-content\/uploads\/2023\/04\/img_6436cfce246ea.png 535w, https:\/\/help.cobra.hu\/wp-content\/uploads\/2023\/04\/img_6436cfce246ea-300x77.png 300w, https:\/\/help.cobra.hu\/wp-content\/uploads\/2023\/04\/img_6436cfce246ea-250x64.png 250w\" sizes=\"(max-width: 535px) 100vw, 535px\" \/><\/p>\n<p>A sz\u00f6vegform\u00e1z\u00e1s Wordb\u0151l is ismert eszk\u00f6zei a <strong>Kezd\u0151lap<\/strong> f\u00fcl\u00f6n tal\u00e1lhat\u00f3k:<\/p>\n<p id=\"VvdYxPt\"><img loading=\"lazy\" width=\"938\" height=\"146\" class=\"size-full wp-image-6957  aligncenter\" src=\"http:\/\/help.cobra.hu\/wp-content\/uploads\/2023\/04\/img_6436d01cd1761.png\" alt=\"\" srcset=\"https:\/\/help.cobra.hu\/wp-content\/uploads\/2023\/04\/img_6436d01cd1761.png 938w, https:\/\/help.cobra.hu\/wp-content\/uploads\/2023\/04\/img_6436d01cd1761-300x47.png 300w, https:\/\/help.cobra.hu\/wp-content\/uploads\/2023\/04\/img_6436d01cd1761-768x120.png 768w, https:\/\/help.cobra.hu\/wp-content\/uploads\/2023\/04\/img_6436d01cd1761-250x39.png 250w\" sizes=\"(max-width: 938px) 100vw, 938px\" \/><\/p>\n<p>A k\u00edv\u00e1nt sz\u00f6veget k\u00e9zzel is be\u00edrhatjuk a sablonba, m\u00e1solhatjuk is m\u00e1s dokumentumb\u00f3l \u00e9s beilleszthetj\u00fck, vagy m\u00e1r kor\u00e1bban l\u00e9trehozott Word dokumentumunkat is megnyithatjuk a <strong>F\u00e1jl f\u00fcl<\/strong>\u00f6n az Open gombbal:<\/p>\n<p id=\"uBbDPNt\"><img loading=\"lazy\" width=\"1165\" height=\"718\" class=\"size-full wp-image-6958  aligncenter\" src=\"http:\/\/help.cobra.hu\/wp-content\/uploads\/2023\/04\/img_6436d1cc0d459.png\" alt=\"\" srcset=\"https:\/\/help.cobra.hu\/wp-content\/uploads\/2023\/04\/img_6436d1cc0d459.png 1165w, https:\/\/help.cobra.hu\/wp-content\/uploads\/2023\/04\/img_6436d1cc0d459-300x185.png 300w, https:\/\/help.cobra.hu\/wp-content\/uploads\/2023\/04\/img_6436d1cc0d459-1024x631.png 1024w, https:\/\/help.cobra.hu\/wp-content\/uploads\/2023\/04\/img_6436d1cc0d459-768x473.png 768w, https:\/\/help.cobra.hu\/wp-content\/uploads\/2023\/04\/img_6436d1cc0d459-250x154.png 250w\" sizes=\"(max-width: 1165px) 100vw, 1165px\" \/><\/p>\n<p>A megnyitott dokumentum bet\u00f6lt\u0151dik a szerkeszt\u0151be, ahol tov\u00e1bbi m\u00f3sos\u00edt\u00e1sokat, form\u00e1z\u00e1sokat tudunk elv\u00e9gezni rajta. P\u00e9ld\u00e1ul bet\u0171m\u00e9ret m\u00f3dos\u00edt\u00e1s:<\/p>\n<p id=\"lYfKTWn\"><img loading=\"lazy\" width=\"880\" height=\"570\" class=\"size-full wp-image-6959  aligncenter\" src=\"http:\/\/help.cobra.hu\/wp-content\/uploads\/2023\/04\/img_6436d245b2c6f.png\" alt=\"\" srcset=\"https:\/\/help.cobra.hu\/wp-content\/uploads\/2023\/04\/img_6436d245b2c6f.png 880w, https:\/\/help.cobra.hu\/wp-content\/uploads\/2023\/04\/img_6436d245b2c6f-300x194.png 300w, https:\/\/help.cobra.hu\/wp-content\/uploads\/2023\/04\/img_6436d245b2c6f-768x497.png 768w, https:\/\/help.cobra.hu\/wp-content\/uploads\/2023\/04\/img_6436d245b2c6f-250x162.png 250w\" sizes=\"(max-width: 880px) 100vw, 880px\" \/><\/p>\n<p>Ak\u00e1rhogyan is hoztuk l\u00e9tre a sablon statikus, fix sz\u00f6veg\u00e9t, a metaadatokat \u00e9s jellemz\u0151ket biztosan el szeretn\u00e9nk helyezni a szerz\u0151d\u00e9s sz\u00f6veg\u00e9be. Ezt h\u00fazd \u00e9s ejtsd m\u00f3dszerrel tudjuk megtenni. N\u00e9zz\u00fck, hogy helyezz\u00fck el a sablonon a saj\u00e1t \u00e9s a szerz\u0151d\u0151 c\u00e9g adatait:<\/p>\n<div style=\"width: 780px;\" class=\"wp-video\"><!--[if lt IE 9]><script>document.createElement('video');<\/script><![endif]-->\n<video class=\"wp-video-shortcode\" id=\"video-6944-1\" width=\"780\" height=\"425\" preload=\"metadata\" controls=\"controls\"><source type=\"video\/mp4\" src=\"http:\/\/help.cobra.hu\/wp-content\/uploads\/2023\/04\/szerzodes_sablon_1.mp4?_=1\" \/><a href=\"http:\/\/help.cobra.hu\/wp-content\/uploads\/2023\/04\/szerzodes_sablon_1.mp4\">http:\/\/help.cobra.hu\/wp-content\/uploads\/2023\/04\/szerzodes_sablon_1.mp4<\/a><\/video><\/div>\n<p>Az \u00e1ltalunk defini\u00e1lt jellemz\u0151ket hely\u00e9t is ugyanezzel a m\u00f3dszerrel helyezz\u00fck el a sablon (ez\u00e1ltal sablon alapj\u00e1n l\u00e9trehozott majdani konkr\u00e9t szerz\u0151d\u00e9s) sz\u00f6veg\u00e9ben:<\/p>\n<div style=\"width: 780px;\" class=\"wp-video\"><video class=\"wp-video-shortcode\" id=\"video-6944-2\" width=\"780\" height=\"514\" preload=\"metadata\" controls=\"controls\"><source type=\"video\/mp4\" src=\"http:\/\/help.cobra.hu\/wp-content\/uploads\/2023\/04\/szerzodes_sablon_2.mp4?_=2\" \/><a href=\"http:\/\/help.cobra.hu\/wp-content\/uploads\/2023\/04\/szerzodes_sablon_2.mp4\">http:\/\/help.cobra.hu\/wp-content\/uploads\/2023\/04\/szerzodes_sablon_2.mp4<\/a><\/video><\/div>\n","protected":false},"excerpt":{"rendered":"<p>Tartalomjegyz&eacute;k1 Metaadatok2 Jellemz\u0151k3 Sz\u00f6vegszerkeszt\u00e9s A Szerz\u0151d\u00e9s modul alappill\u00e9re a sablon. A sablon alapvet\u0151en meghat\u00e1rozza, hogy: szerz\u0151d\u00e9s\u00fcnk milyen form\u00e1t \u00f6lt, hogyan n\u00e9z ki szerz\u0151d\u00e9s\u00fcnk tartalm\u00e1t szerz\u0151d\u00e9s\u00fcnkh\u00f6z milyen jellemz\u0151k (metaadatok) megad\u00e1sa k\u00f6telez\u0151, hisz n\u00e9lk\u00fcl\u00fck a szerz\u0151d\u00e9s tartalma hi\u00e1nyos lenne a szerz\u0151d\u00e9s\u00fcnk 1 vagy t\u00f6bboldal\u00fa &nbsp; A sablonok l\u00e9trehoz\u00e1s\u00e1ra \u00e9s szerkeszt\u00e9s\u00e9re a Szerz\u0151d\u00e9sek \/ Karbantart\u00e1s \/ Sablonok \u00fatvonalon tal\u00e1lhat\u00f3 szerkeszt\u0151 ad lehet\u0151s\u00e9get. A megjelen\u0151 Szerz\u0151d\u00e9s sablonok ablakban \u00faj sablon r\u00f6gz\u00edt\u00e9s\u00e9t \u00e9s megl\u00e9v\u0151 szerkeszt\u00e9s\u00e9t is ind\u00edthatjuk: A szerkeszt\u0151 ablak [&hellip;]<\/p>\n","protected":false},"author":1,"featured_media":0,"comment_status":"closed","ping_status":"closed","sticky":false,"template":"","format":"standard","meta":[],"categories":[163],"tags":[],"_links":{"self":[{"href":"https:\/\/help.cobra.hu\/index.php\/wp-json\/wp\/v2\/posts\/6944"}],"collection":[{"href":"https:\/\/help.cobra.hu\/index.php\/wp-json\/wp\/v2\/posts"}],"about":[{"href":"https:\/\/help.cobra.hu\/index.php\/wp-json\/wp\/v2\/types\/post"}],"author":[{"embeddable":true,"href":"https:\/\/help.cobra.hu\/index.php\/wp-json\/wp\/v2\/users\/1"}],"replies":[{"embeddable":true,"href":"https:\/\/help.cobra.hu\/index.php\/wp-json\/wp\/v2\/comments?post=6944"}],"version-history":[{"count":3,"href":"https:\/\/help.cobra.hu\/index.php\/wp-json\/wp\/v2\/posts\/6944\/revisions"}],"predecessor-version":[{"id":6962,"href":"https:\/\/help.cobra.hu\/index.php\/wp-json\/wp\/v2\/posts\/6944\/revisions\/6962"}],"wp:attachment":[{"href":"https:\/\/help.cobra.hu\/index.php\/wp-json\/wp\/v2\/media?parent=6944"}],"wp:term":[{"taxonomy":"category","embeddable":true,"href":"https:\/\/help.cobra.hu\/index.php\/wp-json\/wp\/v2\/categories?post=6944"},{"taxonomy":"post_tag","embeddable":true,"href":"https:\/\/help.cobra.hu\/index.php\/wp-json\/wp\/v2\/tags?post=6944"}],"curies":[{"name":"wp","href":"https:\/\/api.w.org\/{rel}","templated":true}]}}